{"id":39741,"date":"2021-09-11T16:31:18","date_gmt":"2021-09-11T19:31:18","guid":{"rendered":"https:\/\/portalmovil.com.ar\/?p=39741"},"modified":"2021-09-11T16:31:21","modified_gmt":"2021-09-11T19:31:21","slug":"funcionarios-municipales-de-resistencia-homenajearon-a-los-docentes-por-su-trabajo-en-pandemia","status":"publish","type":"post","link":"https:\/\/portalmovil.com.ar\/index.php\/2021\/09\/11\/funcionarios-municipales-de-resistencia-homenajearon-a-los-docentes-por-su-trabajo-en-pandemia\/","title":{"rendered":"Funcionarios municipales de Resistencia homenajearon a los docentes por su trabajo en pandemia"},"content":{"rendered":"\n<p>Resistencia conmemor\u00f3 el D\u00eda del Maestro con una ceremonia que rindi\u00f3 homenaje a aquellas personas que adem\u00e1s de formar a estudiantes en otras \u00e9pocas, en estos \u00faltimos meses tambi\u00e9n tuvieron el desaf\u00edo de llevar el aula a sus hogares debido a la pandemia.&nbsp;&nbsp;<\/p>\n\n\n\n<p>El presidente del Concejo Municipal, Agust\u00edn Romero (en representaci\u00f3n del intendente Gustavo Mart\u00ednez), encabez\u00f3 el acto que inici\u00f3 con el izamiento de banderas en el M\u00e1stil Mayor y que concluy\u00f3 con ofrendas al busto de Domingo Faustino Sarmiento ubicado en avenida Sarmiento con intersecci\u00f3n en Yrigoyen, adem\u00e1s de hacer lo propio en la imagen de Paula Albarrac\u00edn situada a pocos metros en la plaza 25 de&nbsp;Mayo.&nbsp;<\/p>\n\n\n\n<p>La Banda Municipal \u201cLuis&nbsp;Omobono&nbsp;Gusberti\u201d aport\u00f3 su m\u00fasica a las actividades organizadas por la Comisi\u00f3n Oficial de Conmemoraciones Patrias y Homenajes de la mano de su presidenta Carmen Ram\u00edrez y dem\u00e1s integrantes de profesi\u00f3n docente, como Isabel Barros De&nbsp;Dellamea, Emi Rol\u00f3n, Clarisa&nbsp;Besga&nbsp;y Guillermo Mart\u00ednez.&nbsp;<\/p>\n\n\n\n<p>El concejal Romero agradeci\u00f3 la participaci\u00f3n de docentes \u201cque nos han educado a muchos\u201d y se\u00f1al\u00f3 que para salir adelante \u201cesta ciudad tiene que educar y la educaci\u00f3n es lo que necesitamos para generar un entusiasmo de desarrollo\u201d.&nbsp;&nbsp;<\/p>\n\n\n\n<p>\u201cEs un honor estar aqu\u00ed homenajeando a quienes nos han ense\u00f1ado\u201d, resalt\u00f3 el titular del Legislativo comunal para revalorizar el rol de los y las docentes que est\u00e1n al frente del aula y que la han llevado a sus hogares con la virtualidad que la pandemia oblig\u00f3 a adoptar.&nbsp;&nbsp;<\/p>\n\n\n\n<p>Por su parte, la profesora Isabel Barros de\u00a0Dellamea, tambi\u00e9n integrante de la Comisi\u00f3n de Fiestas Patrias, manifest\u00f3 el siguiente mensaje a la comunidad: \u201cNo dejen sola a su escuela. Los necesitamos\u201d. Y para reflejar el compromiso de esos educadores, afirm\u00f3 sentirse \u201cprofundamente docente. Amo este trabajo. Es el camino de mi vida\u201d.\u00a0<\/p>\n","protected":false},"excerpt":{"rendered":"<p>Resistencia conmemor\u00f3 el D\u00eda del Maestro con una ceremonia que rindi\u00f3 homenaje a aquellas personas que adem\u00e1s de formar a estudiantes en otras \u00e9pocas, en estos \u00faltimos meses tambi\u00e9n tuvieron el desaf\u00edo de llevar el aula a sus hogares debido a la pandemia.&nbsp;&nbsp; El presidente del Concejo Municipal, Agust\u00edn Romero (en representaci\u00f3n del intendente Gustavo &hellip;<\/p>\n","protected":false},"author":2,"featured_media":39742,"comment_status":"open","ping_status":"open","sticky":false,"template":"","format":"standard","meta":{"_jetpack_memberships_contains_paid_content":false,"footnotes":"","jetpack_publicize_message":"","jetpack_publicize_feature_enabled":true,"jetpack_social_post_already_shared":true,"jetpack_social_options":{"image_generator_settings":{"template":"highway","default_image_id":0,"font":"","enabled":false},"version":2}},"categories":[14,37],"tags":[],"class_list":["post-39741","post","type-post","status-publish","format-standard","has-post-thumbnail","hentry","category-politica","category-resistencia"],"jetpack_publicize_connections":[],"jetpack_featured_media_url":"https:\/\/portalmovil.com.ar\/wp-content\/uploads\/2021\/09\/613ccb5e39db3100274015-scaled.jpeg","jetpack_sharing_enabled":true,"amp_enabled":true,"_links":{"self":[{"href":"https:\/\/portalmovil.com.ar\/index.php\/wp-json\/wp\/v2\/posts\/39741","targetHints":{"allow":["GET"]}}],"collection":[{"href":"https:\/\/portalmovil.com.ar\/index.php\/wp-json\/wp\/v2\/posts"}],"about":[{"href":"https:\/\/portalmovil.com.ar\/index.php\/wp-json\/wp\/v2\/types\/post"}],"author":[{"embeddable":true,"href":"https:\/\/portalmovil.com.ar\/index.php\/wp-json\/wp\/v2\/users\/2"}],"replies":[{"embeddable":true,"href":"https:\/\/portalmovil.com.ar\/index.php\/wp-json\/wp\/v2\/comments?post=39741"}],"version-history":[{"count":2,"href":"https:\/\/portalmovil.com.ar\/index.php\/wp-json\/wp\/v2\/posts\/39741\/revisions"}],"predecessor-version":[{"id":39745,"href":"https:\/\/portalmovil.com.ar\/index.php\/wp-json\/wp\/v2\/posts\/39741\/revisions\/39745"}],"wp:featuredmedia":[{"embeddable":true,"href":"https:\/\/portalmovil.com.ar\/index.php\/wp-json\/wp\/v2\/media\/39742"}],"wp:attachment":[{"href":"https:\/\/portalmovil.com.ar\/index.php\/wp-json\/wp\/v2\/media?parent=39741"}],"wp:term":[{"taxonomy":"category","embeddable":true,"href":"https:\/\/portalmovil.com.ar\/index.php\/wp-json\/wp\/v2\/categories?post=39741"},{"taxonomy":"post_tag","embeddable":true,"href":"https:\/\/portalmovil.com.ar\/index.php\/wp-json\/wp\/v2\/tags?post=39741"}],"curies":[{"name":"wp","href":"https:\/\/api.w.org\/{rel}","templated":true}]}}