{"id":39697,"date":"2021-09-10T21:31:50","date_gmt":"2021-09-11T00:31:50","guid":{"rendered":"https:\/\/portalmovil.com.ar\/?p=39697"},"modified":"2021-09-10T21:31:53","modified_gmt":"2021-09-11T00:31:53","slug":"voto-joven-mas-de-861-mil-jovenes-de-16-y-17-anos-votan-por-primera-vez-en-la-argentina","status":"publish","type":"post","link":"https:\/\/portalmovil.com.ar\/index.php\/2021\/09\/10\/voto-joven-mas-de-861-mil-jovenes-de-16-y-17-anos-votan-por-primera-vez-en-la-argentina\/","title":{"rendered":"Voto joven: m\u00e1s de 861 mil j\u00f3venes de 16 y 17 a\u00f1os votan por primera vez en la Argentina"},"content":{"rendered":"\n<p>La mayor\u00eda se localizan en la provincia de Buenos Aires (333.342), C\u00f3rdoba (72.459), Santa Fe (63.022), y en Ciudad Aut\u00f3noma de Buenos Aires (51.268). La provincia con menos electores j\u00f3venes es Tierra del Fuego (4.495).<\/p>\n\n\n\n<p>Un total de 861.149 j\u00f3venes de 16 y 17 a\u00f1os, nacidos en 2004 y 2005, se incorporaron al padr\u00f3n electoral nacional y votar\u00e1n por primera vez este domingo en las PASO, inform\u00f3 este viernes la C\u00e1mara Nacional Electoral (CNE).<\/p>\n\n\n\n<p>La mayor\u00eda de ellos se localizan en la provincia de Buenos Aires, donde votar\u00e1n 333.342 j\u00f3venes. En segundo lugar, se ubica la provincia de C\u00f3rdoba con 72.459 nuevos electores, en tercer lugar, Santa Fe con 63.022, y en cuarto lugar Ciudad Aut\u00f3noma de Buenos Aires con 51.268. En tanto, la provincia con menos electores j\u00f3venes es Tierra del Fuego, con 4.495.<\/p>\n\n\n\n<figure class=\"wp-block-image size-large\"><img loading=\"lazy\" decoding=\"async\" width=\"1004\" height=\"669\" src=\"https:\/\/portalmovil.com.ar\/wp-content\/uploads\/2021\/09\/526d8b102412a_1004x669.jpg\" alt=\"\" class=\"wp-image-39698\" srcset=\"https:\/\/portalmovil.com.ar\/wp-content\/uploads\/2021\/09\/526d8b102412a_1004x669.jpg 1004w, https:\/\/portalmovil.com.ar\/wp-content\/uploads\/2021\/09\/526d8b102412a_1004x669-300x200.jpg 300w, https:\/\/portalmovil.com.ar\/wp-content\/uploads\/2021\/09\/526d8b102412a_1004x669-768x512.jpg 768w\" sizes=\"auto, (max-width: 1004px) 100vw, 1004px\" \/><\/figure>\n\n\n\n<p><strong>Luc\u00eda Moreno<\/strong>&nbsp;(17) votar\u00e1 por primera vez este domingo. Desde el barrio porte\u00f1o de Nu\u00f1ez, la joven -que adem\u00e1s participa activamente del centro de estudiantes de su colegio, el Liceo 9- dijo a T\u00e9lam que votar \u00abes una responsabilidad\u00bb y que lo hace por \u00abpor convicci\u00f3n propia\u00bb.<\/p>\n\n\n\n<p><strong>\u00abPibes de mi edad desaparecieron por luchar por ese derecho y es necesario como ciudadanos elegir a nuestros representantes, que son los que conducen nuestra vida\u00bb<\/strong>, agreg\u00f3.<\/p>\n\n\n\n<p>Como estudiante, le interesa votar candidatos que \u00abprioricen la educaci\u00f3n y que les den espacios a los j\u00f3venes que realmente estamos interesados en cambiar algo\u00bb.<\/p>\n\n\n\n<figure class=\"wp-block-embed is-type-rich is-provider-twitter wp-block-embed-twitter\"><div class=\"wp-block-embed__wrapper\">\n<div class=\"embed-twitter\"><blockquote class=\"twitter-tweet\" data-width=\"500\" data-dnt=\"true\"><p lang=\"es\" dir=\"ltr\">En nuestro pa\u00eds, desde los 16 a\u00f1os podemos elegir a nuestros\/as representantes. \u00a1Particip\u00e1 en las <a href=\"https:\/\/twitter.com\/hashtag\/EleccionesArgentina?src=hash&amp;ref_src=twsrc%5Etfw\">#EleccionesArgentina<\/a>! <a href=\"https:\/\/t.co\/V8jk2ZnEdH\">pic.twitter.com\/V8jk2ZnEdH<\/a><\/p>&mdash; C\u00e1mara Electoral (@CamaraElectoral) <a href=\"https:\/\/twitter.com\/CamaraElectoral\/status\/1436290859801137185?ref_src=twsrc%5Etfw\">September 10, 2021<\/a><\/blockquote><script async src=\"https:\/\/platform.twitter.com\/widgets.js\" charset=\"utf-8\"><\/script><\/div>\n<\/div><\/figure>\n\n\n\n<p>Ley de Voto Joven<br>El derecho a participar en las elecciones y elegir a sus representantes de j\u00f3venes de 16 y 17 a\u00f1os est\u00e1 establecido en la Ley de Ciudadan\u00eda Argentina N\u00b0 26.774, promulgada en 2012 y conocida como \u00abLey de Voto Joven\u00bb.<\/p>\n\n\n\n<p>Seg\u00fan un<strong>\u00a0informe sobre \u00abVoto joven\u00bb publicado por del Ministerio del Interior de la Naci\u00f3n<\/strong>,\u00a0<strong>desde la primera implementaci\u00f3n<\/strong>\u00a0de la ley,<strong>\u00a0las juventudes \u00abhan aumentado progresivamente su participaci\u00f3n en los comicios electorales<\/strong>, llegando a ser, en el a\u00f1o 2019, 869.667 electores y electoras de 16 y 17 a\u00f1os\u00bb, lo que represent\u00f3 el 2,61% promedio del padr\u00f3n electoral.<\/p>\n\n\n\n<p>En este sentido, el informe agreg\u00f3 que, en esta franja etaria,<strong>&nbsp;la participaci\u00f3n efectiva de 2019 fue de 63%<\/strong>, es decir, alrededor de 20 puntos porcentuales menor que la participaci\u00f3n promedio a nivel nacional, que en Argentina es, desde 1983, del 80%.<\/p>\n\n\n\n<p>Tambi\u00e9n, voceros del Ministerio del Interior aseguraron a T\u00e9lam que, \u00aba pesar de la pandemia, logramos mejorar la situaci\u00f3n de j\u00f3venes que tramitan su DNI a los 16 a\u00f1os, respecto de las PASO 2019\u00bb.<\/p>\n\n\n\n<p>Uma Cora de 16 a\u00f1os<br>Uma Cora (16), tambi\u00e9n votar\u00e1 por primera vez este domingo. Vive en el barrio de Boedo de CABA y asiste a la escuela Mariano Acosta.<\/p>\n\n\n\n<figure class=\"wp-block-embed is-type-rich is-provider-twitter wp-block-embed-twitter\"><div class=\"wp-block-embed__wrapper\">\n<div class=\"embed-twitter\"><blockquote class=\"twitter-tweet\" data-width=\"500\" data-dnt=\"true\"><p lang=\"es\" dir=\"ltr\">\u00bfTodav\u00eda no sab\u00e9s donde vot\u00e1s? Ingres\u00e1 en <a href=\"https:\/\/t.co\/lK3z56kgNT\">https:\/\/t.co\/lK3z56kgNT<\/a> y conoc\u00e9 tu lugar, mesa y n\u00famero de orden. <a href=\"https:\/\/twitter.com\/hashtag\/EleccionesAR2021?src=hash&amp;ref_src=twsrc%5Etfw\">#EleccionesAR2021<\/a> <a href=\"https:\/\/t.co\/UCXGklJQ5L\">pic.twitter.com\/UCXGklJQ5L<\/a><\/p>&mdash; #EleccionesAR (@InfoDINE) <a href=\"https:\/\/twitter.com\/InfoDINE\/status\/1436438196259262464?ref_src=twsrc%5Etfw\">September 10, 2021<\/a><\/blockquote><script async src=\"https:\/\/platform.twitter.com\/widgets.js\" charset=\"utf-8\"><\/script><\/div>\n<\/div><\/figure>\n\n\n\n<p>\u00abVotar e ir a una instituci\u00f3n p\u00fablica para hacerlo significa el ejercicio de un derecho, y como mujer joven, ambas condiciones de minor\u00eda en la sociedad, me parece fundamental ejercerlo y aprovechar esa oportunidad que me corresponde\u00bb, explic\u00f3 Uma.<\/p>\n\n\n\n<blockquote class=\"wp-block-quote quote-solid is-layout-flow wp-block-quote quote-solid-is-layout-flow\"><p>\u00abA pesar de la pandemia, logramos mejorar la situaci\u00f3n de j\u00f3venes que tramitan su DNI a los 16 a\u00f1os, respecto de las PASO 2019\u00bb dijeron voceros del Ministerio del Interior<\/p><\/blockquote>\n\n\n\n<p>\u00abEspero sentirme representada y que el voto funcione como un canal de expresi\u00f3n\u00bb, complet\u00f3.<\/p>\n\n\n\n<p>Si bien aclar\u00f3 que sabe lo que se vota, advirti\u00f3 que \u00abno se siente lo suficientemente informada\u00bb y que \u00abesa es la tarea pendiente hasta el domingo\u00bb.<\/p>\n\n\n\n<p>Entre los temas que le interesa que prioricen los precandidatos, destac\u00f3 \u00absalud, econom\u00eda, cultura y educaci\u00f3n\u00bb.<\/p>\n\n\n\n<p>Sim\u00f3n Azar de 17 a\u00f1os<br>Sim\u00f3n Azar (17), del barrio porte\u00f1o de Colegiales, que asiste a la escuela Santo Tom\u00e1s de Aquino, votar\u00e1 por segunda vez este domingo, y asegur\u00f3 que \u00abvotar es ejercer el derecho indelegable ciudadano de elegir a sus representantes y construir una democracia que refleje nuestros pedidos, inquietudes y necesidades\u00bb.<\/p>\n\n\n\n<p>Sim\u00f3n hizo hincapi\u00e9 en que\u00a0<strong>\u00abhay que combatir la indiferencia y la apat\u00eda, hay que politizar a j\u00f3venes y a adultos desencantados\u00bb.<\/strong><\/p>\n\n\n\n<p>Por \u00faltimo, el joven agreg\u00f3 que est\u00e1 informado sobre las propuestas y candidatos que disputar\u00e1n la elecci\u00f3n el domingo y que le genera \u00abentusiasmo\u00bb participar, \u00abporque venimos de una historia sangrienta, turbulenta, en donde votar nunca era algo seguro ni dado, siempre fue algo por lo que se tuvo que luchar\u00bb.<\/p>\n\n\n\n<p>Entre los temas que mencion\u00f3 que deber\u00edan priorizar los candidatos en sus propuestas destac\u00f3 \u00abla agenda pospandemia de reactivaci\u00f3n industrial, de recomposici\u00f3n de los salarios, el consumo, y el medioambiente\u00bb, que para el joven \u00abdeber\u00eda tener otra relevancia en el debate, pero que se posterga\u00bb.<\/p>\n","protected":false},"excerpt":{"rendered":"<p>La mayor\u00eda se localizan en la provincia de Buenos Aires (333.342), C\u00f3rdoba (72.459), Santa Fe (63.022), y en Ciudad Aut\u00f3noma de Buenos Aires (51.268). La provincia con menos electores j\u00f3venes es Tierra del Fuego (4.495).<\/p>\n","protected":false},"author":2,"featured_media":39699,"comment_status":"open","ping_status":"open","sticky":false,"template":"","format":"standard","meta":{"_jetpack_memberships_contains_paid_content":false,"footnotes":"","jetpack_publicize_message":"","jetpack_publicize_feature_enabled":true,"jetpack_social_post_already_shared":true,"jetpack_social_options":{"image_generator_settings":{"template":"highway","default_image_id":0,"font":"","enabled":false},"version":2}},"categories":[639,14],"tags":[],"class_list":["post-39697","post","type-post","status-publish","format-standard","has-post-thumbnail","hentry","category-argentina","category-politica"],"jetpack_publicize_connections":[],"jetpack_featured_media_url":"https:\/\/portalmovil.com.ar\/wp-content\/uploads\/2021\/09\/613bdaf485cd6_1004x1537.jpg","jetpack_sharing_enabled":true,"amp_enabled":true,"_links":{"self":[{"href":"https:\/\/portalmovil.com.ar\/index.php\/wp-json\/wp\/v2\/posts\/39697","targetHints":{"allow":["GET"]}}],"collection":[{"href":"https:\/\/portalmovil.com.ar\/index.php\/wp-json\/wp\/v2\/posts"}],"about":[{"href":"https:\/\/portalmovil.com.ar\/index.php\/wp-json\/wp\/v2\/types\/post"}],"author":[{"embeddable":true,"href":"https:\/\/portalmovil.com.ar\/index.php\/wp-json\/wp\/v2\/users\/2"}],"replies":[{"embeddable":true,"href":"https:\/\/portalmovil.com.ar\/index.php\/wp-json\/wp\/v2\/comments?post=39697"}],"version-history":[{"count":1,"href":"https:\/\/portalmovil.com.ar\/index.php\/wp-json\/wp\/v2\/posts\/39697\/revisions"}],"predecessor-version":[{"id":39700,"href":"https:\/\/portalmovil.com.ar\/index.php\/wp-json\/wp\/v2\/posts\/39697\/revisions\/39700"}],"wp:featuredmedia":[{"embeddable":true,"href":"https:\/\/portalmovil.com.ar\/index.php\/wp-json\/wp\/v2\/media\/39699"}],"wp:attachment":[{"href":"https:\/\/portalmovil.com.ar\/index.php\/wp-json\/wp\/v2\/media?parent=39697"}],"wp:term":[{"taxonomy":"category","embeddable":true,"href":"https:\/\/portalmovil.com.ar\/index.php\/wp-json\/wp\/v2\/categories?post=39697"},{"taxonomy":"post_tag","embeddable":true,"href":"https:\/\/portalmovil.com.ar\/index.php\/wp-json\/wp\/v2\/tags?post=39697"}],"curies":[{"name":"wp","href":"https:\/\/api.w.org\/{rel}","templated":true}]}}