{"id":39439,"date":"2021-09-08T08:58:28","date_gmt":"2021-09-08T11:58:28","guid":{"rendered":"https:\/\/portalmovil.com.ar\/?p=39439"},"modified":"2021-09-08T08:58:32","modified_gmt":"2021-09-08T11:58:32","slug":"capitanich-necesitamos-el-voto-popular-y-ciudadano-para-fortalecer-nuestra-capacidad-politica","status":"publish","type":"post","link":"https:\/\/portalmovil.com.ar\/index.php\/2021\/09\/08\/capitanich-necesitamos-el-voto-popular-y-ciudadano-para-fortalecer-nuestra-capacidad-politica\/","title":{"rendered":"Capitanich: \u201cNecesitamos el voto popular y ciudadano para fortalecer nuestra capacidad pol\u00edtica\u00bb"},"content":{"rendered":"\n<p>El presidente del Consejo Provincial del PJ, Jorge Capitanich particip\u00f3 este martes de tres nuevos actos en la zona del sudoeste chaque\u00f1o, en General Pinedo, Charata y Las Bre\u00f1as, donde llev\u00f3 su mensaje para defender al Chaco junto a los precandidatos y precandidatas de la lista 501 R &#8211; 17 de Octubre del Frente de Todos Chaco. \u201cAmamos a esta provincia, la sentimos profundamente y somos capaces de defenderla frente a quienes no la valoran\u201d, expres\u00f3 el mandatario<\/p>\n\n\n\n<p>El primer encuentro tuvo lugar en General Pinedo, donde junto al intendente local Franco Ciucci, el gobernador remarc\u00f3 que \u201cnada se logra por casualidad, es efecto de la causalidad. Las obras se hacen porque hay un proyecto ejecutivo, una decisi\u00f3n pol\u00edtica de impulsarlas, fuentes de financiamiento y equipos, recursos humanos, t\u00e9cnicos, financieros y materiales para garantizar que las ideas se transformen en acci\u00f3n. Nosotros sabemos hacer. De eso se trata esta elecci\u00f3n\u201d.<\/p>\n\n\n\n<p>Capitanich asegur\u00f3: \u201cNecesitamos el voto popular y ciudadano para fortalecer nuestra capacidad pol\u00edtica en la legislatura. Nosotros vamos a poner la impronta federal y queremos que nuestros diputados defiendan nuestras banderas honrando la memoria de nuestros pr\u00f3ceres. Queremos seguir fortaleciendo el Norte Grande. En el Congreso, o se vota a favor de las provincias, o del centralismo porte\u00f1o\u201d. El gobernador se comprometi\u00f3 a finalizar las obras del hospital de Pinedo y del instituto terciario, adem\u00e1s de la hist\u00f3rica obra del Segundo acueducto del interior. \u201cEsa obra tiene una inversi\u00f3n de 400 millones de d\u00f3lares con financiamiento nacional e internacional. Fue lo primero que le ped\u00ed al presidente Alberto Fern\u00e1ndez, terminar lo que hab\u00edamos empezado. Son obras estructurales que valen la pena, porque llegan a cada domicilio\u201d. Estuvieron presentes las precandidatas a diputadas nacionales Mar\u00eda Luisa Chomiak y Silvana Cabrera, junto a los precandidatos y precandidatas a diputados provinciales Rodrigo Ocampo, Luciana Delgado, y Gustavo D\u2019Alessandro.<\/p>\n\n\n\n<p>El segundo acto se realiz\u00f3 en Charata, donde junto a la intendenta local y precandidata a diputada nacional Mar\u00eda Luisa Chomiak, el gobernador destac\u00f3 los principales logros de las gestiones provincial y municipal, y asegur\u00f3: \u201cEl Sudoeste tiene que ser la base para el desarrollo productivo y de las cadenas de valor de la provincia. Nuestros compromisos con Charata han sido claros, por eso en esta elecci\u00f3n el pueblo chaque\u00f1o puede elegir hechos, y no palabras, concreciones y no promesas\u201d. En Las Bre\u00f1as, Capitanich comprometi\u00f3 m\u00e1s obras y valor\u00f3 lo conseguido por sus gestiones al frente de la provincia desde 2007 a la fecha.<\/p>\n","protected":false},"excerpt":{"rendered":"<p>El presidente del Consejo Provincial del PJ, Jorge Capitanich particip\u00f3 este martes de tres nuevos actos en la zona del sudoeste chaque\u00f1o, en General Pinedo, Charata y Las Bre\u00f1as, donde llev\u00f3 su mensaje para defender al Chaco junto a los precandidatos y precandidatas de la lista 501 R &#8211; 17 de Octubre del Frente de &hellip;<\/p>\n","protected":false},"author":2,"featured_media":39440,"comment_status":"open","ping_status":"open","sticky":false,"template":"","format":"standard","meta":{"_jetpack_memberships_contains_paid_content":false,"footnotes":"","jetpack_publicize_message":"","jetpack_publicize_feature_enabled":true,"jetpack_social_post_already_shared":true,"jetpack_social_options":{"image_generator_settings":{"template":"highway","default_image_id":0,"font":"","enabled":false},"version":2}},"categories":[5,14],"tags":[],"class_list":["post-39439","post","type-post","status-publish","format-standard","has-post-thumbnail","hentry","category-chaco","category-politica"],"jetpack_publicize_connections":[],"jetpack_featured_media_url":"https:\/\/portalmovil.com.ar\/wp-content\/uploads\/2021\/09\/61381c1f32ddc387762369.jpg","jetpack_sharing_enabled":true,"amp_enabled":true,"_links":{"self":[{"href":"https:\/\/portalmovil.com.ar\/index.php\/wp-json\/wp\/v2\/posts\/39439","targetHints":{"allow":["GET"]}}],"collection":[{"href":"https:\/\/portalmovil.com.ar\/index.php\/wp-json\/wp\/v2\/posts"}],"about":[{"href":"https:\/\/portalmovil.com.ar\/index.php\/wp-json\/wp\/v2\/types\/post"}],"author":[{"embeddable":true,"href":"https:\/\/portalmovil.com.ar\/index.php\/wp-json\/wp\/v2\/users\/2"}],"replies":[{"embeddable":true,"href":"https:\/\/portalmovil.com.ar\/index.php\/wp-json\/wp\/v2\/comments?post=39439"}],"version-history":[{"count":1,"href":"https:\/\/portalmovil.com.ar\/index.php\/wp-json\/wp\/v2\/posts\/39439\/revisions"}],"predecessor-version":[{"id":39441,"href":"https:\/\/portalmovil.com.ar\/index.php\/wp-json\/wp\/v2\/posts\/39439\/revisions\/39441"}],"wp:featuredmedia":[{"embeddable":true,"href":"https:\/\/portalmovil.com.ar\/index.php\/wp-json\/wp\/v2\/media\/39440"}],"wp:attachment":[{"href":"https:\/\/portalmovil.com.ar\/index.php\/wp-json\/wp\/v2\/media?parent=39439"}],"wp:term":[{"taxonomy":"category","embeddable":true,"href":"https:\/\/portalmovil.com.ar\/index.php\/wp-json\/wp\/v2\/categories?post=39439"},{"taxonomy":"post_tag","embeddable":true,"href":"https:\/\/portalmovil.com.ar\/index.php\/wp-json\/wp\/v2\/tags?post=39439"}],"curies":[{"name":"wp","href":"https:\/\/api.w.org\/{rel}","templated":true}]}}