{"id":38878,"date":"2021-09-02T11:03:18","date_gmt":"2021-09-02T14:03:18","guid":{"rendered":"https:\/\/portalmovil.com.ar\/?p=38878"},"modified":"2021-09-02T11:03:21","modified_gmt":"2021-09-02T14:03:21","slug":"la-municipalidad-sancionara-a-empresas-de-transporte-publico-que-no-cumplan-con-la-frecuencia-establecida","status":"publish","type":"post","link":"https:\/\/portalmovil.com.ar\/index.php\/2021\/09\/02\/la-municipalidad-sancionara-a-empresas-de-transporte-publico-que-no-cumplan-con-la-frecuencia-establecida\/","title":{"rendered":"La Municipalidad sancionar\u00e1 a empresas de transporte p\u00fablico que no cumplan con la frecuencia establecida"},"content":{"rendered":"\n<p>El subsecretario de Transporte, Luis Cabrera, asegur\u00f3 que mediante el monitoreo del transporte p\u00fablico se detect\u00f3 la excesiva espera en la frecuencia y comunic\u00f3 que las empresas con irregularidades no justificadas, ser\u00e1n sancionadas. El objetivo es continuar priorizando al usuario, a cada ciudadano, su bienestar y el valor de su tiempo.<\/p>\n\n\n\n<p>Cabrera explic\u00f3 que \u201cla Subsecretar\u00eda de Transporte se dispone a librar las intimidaciones correspondientes bajo apercibimiento de dictar caducidad de los contratos vigentes a las empresas con irregularidades\u201d y afirm\u00f3 que el monitoreo del transporte es una herramienta de control y diagn\u00f3stico \u201cpermanente\u201d para la determinaci\u00f3n de medidas a corto y mediano plazo en el marco de la planificaci\u00f3n municipal.<\/p>\n\n\n\n<p>Sostuvo que las esperas excesivas en la frecuencia son multicausales y que se han sacado ocho unidades de circulaci\u00f3n por el estado de los veh\u00edculos. Tambi\u00e9n se constat\u00f3 que \u201calgunas empresas no est\u00e1n cumpliendo con los ramales\u201d y mencion\u00f3 a las l\u00edneas 2,4, 5, 8 y 12.<\/p>\n\n\n\n<p>Por otro lado, invit\u00f3 a la reflexi\u00f3n y solidaridad de algunos movimientos sociales que se trasladan por el corredor del transporte p\u00fablico produciendo demoras en el contexto de su reclamo: \u201cEl objetivo de algunos sectores es molestar a la ciudadania generando demoras en la espera del colectivo de una hora\u201d.<\/p>\n\n\n\n<p>Finalmente, reiter\u00f3 su solicitud de colaboraci\u00f3n: \u201cCon mucha humildad, entendemos el reclamo social, pero no puede significar que represente un reclamo al ciudadano de a pie, la queja es hacia los eslabones del Estado que correspondan y no es sano para ninguna sociedad tomar de reh\u00e9n al usuario\u201d.<\/p>\n","protected":false},"excerpt":{"rendered":"<p>El subsecretario de Transporte, Luis Cabrera, asegur\u00f3 que mediante el monitoreo del transporte p\u00fablico se detect\u00f3 la excesiva espera en la frecuencia y comunic\u00f3 que las empresas con irregularidades no justificadas, ser\u00e1n sancionadas. El objetivo es continuar priorizando al usuario, a cada ciudadano, su bienestar y el valor de su tiempo. Cabrera explic\u00f3 que \u201cla &hellip;<\/p>\n","protected":false},"author":2,"featured_media":38879,"comment_status":"open","ping_status":"open","sticky":false,"template":"","format":"standard","meta":{"_jetpack_memberships_contains_paid_content":false,"footnotes":"","jetpack_publicize_message":"","jetpack_publicize_feature_enabled":true,"jetpack_social_post_already_shared":true,"jetpack_social_options":{"image_generator_settings":{"template":"highway","default_image_id":0,"font":"","enabled":false},"version":2}},"categories":[37],"tags":[],"class_list":["post-38878","post","type-post","status-publish","format-standard","has-post-thumbnail","hentry","category-resistencia"],"jetpack_publicize_connections":[],"jetpack_featured_media_url":"https:\/\/portalmovil.com.ar\/wp-content\/uploads\/2021\/09\/01-09-21-transporte-696x532-1.jpg","jetpack_sharing_enabled":true,"amp_enabled":true,"_links":{"self":[{"href":"https:\/\/portalmovil.com.ar\/index.php\/wp-json\/wp\/v2\/posts\/38878","targetHints":{"allow":["GET"]}}],"collection":[{"href":"https:\/\/portalmovil.com.ar\/index.php\/wp-json\/wp\/v2\/posts"}],"about":[{"href":"https:\/\/portalmovil.com.ar\/index.php\/wp-json\/wp\/v2\/types\/post"}],"author":[{"embeddable":true,"href":"https:\/\/portalmovil.com.ar\/index.php\/wp-json\/wp\/v2\/users\/2"}],"replies":[{"embeddable":true,"href":"https:\/\/portalmovil.com.ar\/index.php\/wp-json\/wp\/v2\/comments?post=38878"}],"version-history":[{"count":1,"href":"https:\/\/portalmovil.com.ar\/index.php\/wp-json\/wp\/v2\/posts\/38878\/revisions"}],"predecessor-version":[{"id":38880,"href":"https:\/\/portalmovil.com.ar\/index.php\/wp-json\/wp\/v2\/posts\/38878\/revisions\/38880"}],"wp:featuredmedia":[{"embeddable":true,"href":"https:\/\/portalmovil.com.ar\/index.php\/wp-json\/wp\/v2\/media\/38879"}],"wp:attachment":[{"href":"https:\/\/portalmovil.com.ar\/index.php\/wp-json\/wp\/v2\/media?parent=38878"}],"wp:term":[{"taxonomy":"category","embeddable":true,"href":"https:\/\/portalmovil.com.ar\/index.php\/wp-json\/wp\/v2\/categories?post=38878"},{"taxonomy":"post_tag","embeddable":true,"href":"https:\/\/portalmovil.com.ar\/index.php\/wp-json\/wp\/v2\/tags?post=38878"}],"curies":[{"name":"wp","href":"https:\/\/api.w.org\/{rel}","templated":true}]}}