{"id":38715,"date":"2021-08-31T20:09:17","date_gmt":"2021-08-31T23:09:17","guid":{"rendered":"https:\/\/portalmovil.com.ar\/?p=38715"},"modified":"2021-08-31T20:12:11","modified_gmt":"2021-08-31T23:12:11","slug":"el-defensor-del-pueblo-pide-trabajar-juntos-para-una-tarifa-electrica-diferencial","status":"publish","type":"post","link":"https:\/\/portalmovil.com.ar\/index.php\/2021\/08\/31\/el-defensor-del-pueblo-pide-trabajar-juntos-para-una-tarifa-electrica-diferencial\/","title":{"rendered":"Zimmerman, celebra el apoyo del defensor del pueblo, para trabajar en una tarifa el\u00e9ctrica diferencial"},"content":{"rendered":"\n<p>El senador por el Chaco,&nbsp;<strong>V\u00edctor Zimmermann<\/strong>, celebr\u00f3&nbsp;<strong>\u201cque el Defensor del Pueblo se sume a mi reclamo por una tarifa el\u00e9ctrica diferencial para las provincias del NEA\u201d<\/strong>&nbsp;y record\u00f3 que<strong>&nbsp;\u201cen ocasi\u00f3n de mi voto negativo a la Ley de Zona Fr\u00eda, logramos poner el tema en los medios de todo el pa\u00eds\u201d.<\/strong><\/p>\n\n\n\n<p>\u201cEs muy bueno que el Dr. Voloj, en su car\u00e1cter de Defensor del Pueblo, se sume a esta iniciativa a la que adhirieron los senadores oficialistas del Chaco\u201d, dijo Zimmermann y destac\u00f3 la necesidad que&nbsp;<strong>\u201ctodos los chaque\u00f1os, todos los habitantes del NEA, trabajemos juntos por una tarifa el\u00e9ctrica diferencial para nuestra regi\u00f3n\u201d.<\/strong><\/p>\n\n\n\n<p>El senador radical asegur\u00f3 que s<strong>u proyecto \u201cpretende ser el puntapi\u00e9 inicial de un debate profundo sobre la situaci\u00f3n de las provincias del norte<\/strong>, donde el tema energ\u00e9tico es fundamental si so\u00f1amos con el desarrollo\u201d y record\u00f3 que&nbsp;\u201ctengo presentado otro proyecto que busca una tarifa subsidiada y garantizar la provisi\u00f3n del gas en garrafa como complemento&nbsp;a la Ley de Zona Fr\u00eda que yo no acompa\u00f1\u00e9\u201d.<\/p>\n\n\n\n<figure class=\"wp-block-image size-large\"><img loading=\"lazy\" decoding=\"async\" width=\"710\" height=\"533\" src=\"https:\/\/portalmovil.com.ar\/wp-content\/uploads\/2021\/08\/20210311_145239.jpg\" alt=\"\" class=\"wp-image-38716\" srcset=\"https:\/\/portalmovil.com.ar\/wp-content\/uploads\/2021\/08\/20210311_145239.jpg 710w, https:\/\/portalmovil.com.ar\/wp-content\/uploads\/2021\/08\/20210311_145239-300x225.jpg 300w\" sizes=\"auto, (max-width: 710px) 100vw, 710px\" \/><\/figure>\n\n\n\n<p><strong>\u201cLos indicadores de pobreza y menor desarrollo relativo con el pa\u00eds central, es algo que nos incumbe a todos los que tenemos representaci\u00f3n pol\u00edtica<\/strong>, no solo de quienes tienen la responsabilidad circunstancial de gobernar\u201d, dijo Zimmermann y agreg\u00f3 que&nbsp;<strong>\u201ccada uno tiene que aportar desde su lugar y si todos hacemos lo que tenemos que hacer, en torno a los temas centrales en los cuales encontramos coincidencias, el beneficio va a ser para toda nuestra gente\u201d.<\/strong><\/p>\n\n\n\n<p>Finalmente, Zimmermann coment\u00f3 que \u201ccontinuando con una reuni\u00f3n que mantuvimos tiempo atr\u00e1s,&nbsp;<strong>le envi\u00e9 al Defensor del Pueblo una copia del proyecto de Tarifa El\u00e9ctrica Diferencial<\/strong>, que tiene estado parlamentario, ratificando el compromiso de trabajar juntos por el bien de los chaque\u00f1os\u201d<\/p>\n","protected":false},"excerpt":{"rendered":"<p>El senador por el Chaco, V\u00edctor Zimmermann, celebr\u00f3 \u201cque el Defensor del Pueblo se sume a mi reclamo por una tarifa el\u00e9ctrica diferencial para las provincias del NEA\u201d y record\u00f3 que \u201cen ocasi\u00f3n de mi voto negativo a la Ley de Zona Fr\u00eda, logramos poner el tema en los medios de todo el pa\u00eds\u201d.<\/p>\n","protected":false},"author":2,"featured_media":38718,"comment_status":"open","ping_status":"open","sticky":false,"template":"","format":"standard","meta":{"_jetpack_memberships_contains_paid_content":false,"footnotes":"","jetpack_publicize_message":"","jetpack_publicize_feature_enabled":true,"jetpack_social_post_already_shared":true,"jetpack_social_options":{"image_generator_settings":{"template":"highway","default_image_id":0,"font":"","enabled":false},"version":2}},"categories":[5,3],"tags":[],"class_list":["post-38715","post","type-post","status-publish","format-standard","has-post-thumbnail","hentry","category-chaco","category-sociedad"],"jetpack_publicize_connections":[],"jetpack_featured_media_url":"https:\/\/portalmovil.com.ar\/wp-content\/uploads\/2021\/08\/5RGGBU5ZZJFNFGFTRIZTWMB3CQ.jpg","jetpack_sharing_enabled":true,"amp_enabled":true,"_links":{"self":[{"href":"https:\/\/portalmovil.com.ar\/index.php\/wp-json\/wp\/v2\/posts\/38715","targetHints":{"allow":["GET"]}}],"collection":[{"href":"https:\/\/portalmovil.com.ar\/index.php\/wp-json\/wp\/v2\/posts"}],"about":[{"href":"https:\/\/portalmovil.com.ar\/index.php\/wp-json\/wp\/v2\/types\/post"}],"author":[{"embeddable":true,"href":"https:\/\/portalmovil.com.ar\/index.php\/wp-json\/wp\/v2\/users\/2"}],"replies":[{"embeddable":true,"href":"https:\/\/portalmovil.com.ar\/index.php\/wp-json\/wp\/v2\/comments?post=38715"}],"version-history":[{"count":2,"href":"https:\/\/portalmovil.com.ar\/index.php\/wp-json\/wp\/v2\/posts\/38715\/revisions"}],"predecessor-version":[{"id":38721,"href":"https:\/\/portalmovil.com.ar\/index.php\/wp-json\/wp\/v2\/posts\/38715\/revisions\/38721"}],"wp:featuredmedia":[{"embeddable":true,"href":"https:\/\/portalmovil.com.ar\/index.php\/wp-json\/wp\/v2\/media\/38718"}],"wp:attachment":[{"href":"https:\/\/portalmovil.com.ar\/index.php\/wp-json\/wp\/v2\/media?parent=38715"}],"wp:term":[{"taxonomy":"category","embeddable":true,"href":"https:\/\/portalmovil.com.ar\/index.php\/wp-json\/wp\/v2\/categories?post=38715"},{"taxonomy":"post_tag","embeddable":true,"href":"https:\/\/portalmovil.com.ar\/index.php\/wp-json\/wp\/v2\/tags?post=38715"}],"curies":[{"name":"wp","href":"https:\/\/api.w.org\/{rel}","templated":true}]}}