{"id":38432,"date":"2021-08-28T18:49:52","date_gmt":"2021-08-28T21:49:52","guid":{"rendered":"https:\/\/portalmovil.com.ar\/?p=38432"},"modified":"2021-08-28T18:49:54","modified_gmt":"2021-08-28T21:49:54","slug":"capitanich-el-verdadero-cambio-lo-hacemos-nosotros-con-hechos","status":"publish","type":"post","link":"https:\/\/portalmovil.com.ar\/index.php\/2021\/08\/28\/capitanich-el-verdadero-cambio-lo-hacemos-nosotros-con-hechos\/","title":{"rendered":"Capitanich: \u00abEl verdadero cambio lo hacemos nosotros con hechos\u00bb"},"content":{"rendered":"\n<p>En la ma\u00f1ana de este s\u00e1bado 28, el gobernador Jorge Capitanich y la vicegobernadora Anal\u00eda Rach Quiroga, compartieron dos actos en Basail y La Escondida, como parte de la campa\u00f1a del Frente de Todos Chaco para las elecciones del 12 de septiembre.\u00a0\u201cSomos aquello que nuestros abuelos gringos prohijaron, lo que nuestras comunidades originarias promovieron, y lo que nuestras comunidades criollas pudieron construir. Somos el Chaco profundo viviendo nuestra identidad, y nos merecemos m\u00e1s\u201d,\u00a0asegur\u00f3 el mandatario.<\/p>\n\n\n\n<p>Capitanich destac\u00f3 la presentaci\u00f3n, horas atr\u00e1s, del Plan de Obras que generar\u00e1 10.000 empleos formales en el sector de la construcci\u00f3n, con una inversi\u00f3n de 50.000 millones de pesos en m\u00e1s de mil obras en toda la provincia. \u201cCuando hay un obrero que trabaja, hay un plato de comida que se lleva a la mesa. Y cuando hay ingresos se compra en la verduler\u00eda de la esquina, a alguien de la agricultura familiar. Estas son pol\u00edticas para integrar el campo con la ciudad, la industria y el comercio\u201d, valor\u00f3 el mandatario.<\/p>\n\n\n\n<figure class=\"wp-block-image\"><img decoding=\"async\" src=\"http:\/\/datachaco.com\/download\/multimedia.normal.92da5e2dd65e1a64.4c61204573636f6e64696461202831295f6e6f726d616c2e77656270.webp\" alt=\"Capitanich en La Escondida (1)\"\/><\/figure>\n\n\n\n<p>Y al referirse a la oposici\u00f3n, Capitanich apunt\u00f3: \u201c<strong>Se dedican a bloquear nuestras iniciativas, porque no tienen ganas de cambiar nada. Gastan la palabra cambio, cuando el verdadero cambio lo hacemos nosotros con hechos, y no palabras\u201d. Y agreg\u00f3: \u201cMientras ellos se dedicaban a hablar, nosotros nos dedic\u00e1bamos a trabajar.<\/strong>&nbsp;Con nosotros el pueblo chaque\u00f1o no perdi\u00f3 tiempo, porque cada minuto lo utilizamos para transformar la realidad\u201d.<\/p>\n\n\n\n<p><strong>\u201cNosotros estamos junto a nuestro pueblo en cada rinc\u00f3n de la provincia. Hacemos obras, construimos futuro con obras. En Basail, nos comprometimos a la construcci\u00f3n de m\u00e1s cuadras de pavimento urbano, m\u00e1s viviendas y obras escolares y lo estamos haciendo\u201d, destac\u00f3 el mandatario. En La Escondida<\/strong>,<strong> remarc\u00f3 las obras de la autov\u00eda de la ruta 11, del camino hacia Makall\u00e9 y otras obras de infraestructura vial, deportiva y de viviendas.<\/strong><\/p>\n","protected":false},"excerpt":{"rendered":"<p>En la ma\u00f1ana de este s\u00e1bado 28, el gobernador Jorge Capitanich y la vicegobernadora Anal\u00eda Rach Quiroga, compartieron dos actos en Basail y La Escondida, como parte de la campa\u00f1a del Frente de Todos Chaco para las elecciones del 12 de septiembre.\u00a0\u201cSomos aquello que nuestros abuelos gringos prohijaron, lo que nuestras comunidades originarias promovieron, y &hellip;<\/p>\n","protected":false},"author":2,"featured_media":38433,"comment_status":"open","ping_status":"open","sticky":false,"template":"","format":"standard","meta":{"_jetpack_memberships_contains_paid_content":false,"footnotes":"","jetpack_publicize_message":"","jetpack_publicize_feature_enabled":true,"jetpack_social_post_already_shared":true,"jetpack_social_options":{"image_generator_settings":{"template":"highway","default_image_id":0,"font":"","enabled":false},"version":2}},"categories":[5,14,12],"tags":[],"class_list":["post-38432","post","type-post","status-publish","format-standard","has-post-thumbnail","hentry","category-chaco","category-politica","category-ultimo"],"jetpack_publicize_connections":[],"jetpack_featured_media_url":"https:\/\/portalmovil.com.ar\/wp-content\/uploads\/2021\/08\/0a8cceaeb78979f7adab9d9f268f72a9.jpg","jetpack_sharing_enabled":true,"amp_enabled":true,"_links":{"self":[{"href":"https:\/\/portalmovil.com.ar\/index.php\/wp-json\/wp\/v2\/posts\/38432","targetHints":{"allow":["GET"]}}],"collection":[{"href":"https:\/\/portalmovil.com.ar\/index.php\/wp-json\/wp\/v2\/posts"}],"about":[{"href":"https:\/\/portalmovil.com.ar\/index.php\/wp-json\/wp\/v2\/types\/post"}],"author":[{"embeddable":true,"href":"https:\/\/portalmovil.com.ar\/index.php\/wp-json\/wp\/v2\/users\/2"}],"replies":[{"embeddable":true,"href":"https:\/\/portalmovil.com.ar\/index.php\/wp-json\/wp\/v2\/comments?post=38432"}],"version-history":[{"count":1,"href":"https:\/\/portalmovil.com.ar\/index.php\/wp-json\/wp\/v2\/posts\/38432\/revisions"}],"predecessor-version":[{"id":38434,"href":"https:\/\/portalmovil.com.ar\/index.php\/wp-json\/wp\/v2\/posts\/38432\/revisions\/38434"}],"wp:featuredmedia":[{"embeddable":true,"href":"https:\/\/portalmovil.com.ar\/index.php\/wp-json\/wp\/v2\/media\/38433"}],"wp:attachment":[{"href":"https:\/\/portalmovil.com.ar\/index.php\/wp-json\/wp\/v2\/media?parent=38432"}],"wp:term":[{"taxonomy":"category","embeddable":true,"href":"https:\/\/portalmovil.com.ar\/index.php\/wp-json\/wp\/v2\/categories?post=38432"},{"taxonomy":"post_tag","embeddable":true,"href":"https:\/\/portalmovil.com.ar\/index.php\/wp-json\/wp\/v2\/tags?post=38432"}],"curies":[{"name":"wp","href":"https:\/\/api.w.org\/{rel}","templated":true}]}}