{"id":38376,"date":"2021-08-27T19:27:02","date_gmt":"2021-08-27T22:27:02","guid":{"rendered":"https:\/\/portalmovil.com.ar\/?p=38376"},"modified":"2021-08-27T19:27:04","modified_gmt":"2021-08-27T22:27:04","slug":"victor-rea-redoblaremos-los-esfuerzos-para-continuar-trayendo-obras-publicas-a-puerto-vilelas","status":"publish","type":"post","link":"https:\/\/portalmovil.com.ar\/index.php\/2021\/08\/27\/victor-rea-redoblaremos-los-esfuerzos-para-continuar-trayendo-obras-publicas-a-puerto-vilelas\/","title":{"rendered":"V\u00edctor Rea: \u201cRedoblaremos los esfuerzos para continuar trayendo obras p\u00fablicas a Puerto Vilelas\u201d"},"content":{"rendered":"\n<p>En Colonia Tacuar\u00ed, el intendente de Puerto Vilelas, V\u00edctor Rea, realiz\u00f3 un recorrido por las obras que vienen desarroll\u00e1ndose en este lugar de la localidad, tales como el Jard\u00edn de Infantes y el Centro de Salud, destinado a los vecinos de esta zona.<\/p>\n\n\n\n<p>En este sentido, la comunidad de Colonia Tacuar\u00ed tuvo la oportunidad de expresar sus demandas al jefe comunal, como as\u00ed tambi\u00e9n docentes del colegio primario EEP 272 \u00abTeodoro Feld\u00bb.<\/p>\n\n\n\n<p>\u201cSeguimos trabajando para brindar accesos a la educaci\u00f3n y a la salud con instalaciones, servicios y condiciones para mejorar calidad de vida de los vecinos de la zona\u201d, expres\u00f3 el mandatario vilelense.<\/p>\n\n\n\n<p>Por \u00faltimo, V\u00edctor Rea destac\u00f3 \u201cla mirada especial del Gobierno provincial hacia nuestra localidad, por lo que redoblaremos los esfuerzos para continuar trayendo obras p\u00fablicas a Puerto Vilelas\u201d.<\/p>\n","protected":false},"excerpt":{"rendered":"<p>En Colonia Tacuar\u00ed, el intendente de Puerto Vilelas, V\u00edctor Rea, realiz\u00f3 un recorrido por las obras que vienen desarroll\u00e1ndose en este lugar de la localidad, tales como el Jard\u00edn de Infantes y el Centro de Salud, destinado a los vecinos de esta zona. En este sentido, la comunidad de Colonia Tacuar\u00ed tuvo la oportunidad de &hellip;<\/p>\n","protected":false},"author":2,"featured_media":38377,"comment_status":"open","ping_status":"open","sticky":false,"template":"","format":"standard","meta":{"_jetpack_memberships_contains_paid_content":false,"footnotes":"","jetpack_publicize_message":"","jetpack_publicize_feature_enabled":true,"jetpack_social_post_already_shared":true,"jetpack_social_options":{"image_generator_settings":{"template":"highway","default_image_id":0,"font":"","enabled":false},"version":2}},"categories":[5,14],"tags":[],"class_list":["post-38376","post","type-post","status-publish","format-standard","has-post-thumbnail","hentry","category-chaco","category-politica"],"jetpack_publicize_connections":[],"jetpack_featured_media_url":"https:\/\/portalmovil.com.ar\/wp-content\/uploads\/2021\/08\/240404128_379832157059057_8870930499782222822_n.gif","jetpack_sharing_enabled":true,"amp_enabled":true,"_links":{"self":[{"href":"https:\/\/portalmovil.com.ar\/index.php\/wp-json\/wp\/v2\/posts\/38376","targetHints":{"allow":["GET"]}}],"collection":[{"href":"https:\/\/portalmovil.com.ar\/index.php\/wp-json\/wp\/v2\/posts"}],"about":[{"href":"https:\/\/portalmovil.com.ar\/index.php\/wp-json\/wp\/v2\/types\/post"}],"author":[{"embeddable":true,"href":"https:\/\/portalmovil.com.ar\/index.php\/wp-json\/wp\/v2\/users\/2"}],"replies":[{"embeddable":true,"href":"https:\/\/portalmovil.com.ar\/index.php\/wp-json\/wp\/v2\/comments?post=38376"}],"version-history":[{"count":1,"href":"https:\/\/portalmovil.com.ar\/index.php\/wp-json\/wp\/v2\/posts\/38376\/revisions"}],"predecessor-version":[{"id":38378,"href":"https:\/\/portalmovil.com.ar\/index.php\/wp-json\/wp\/v2\/posts\/38376\/revisions\/38378"}],"wp:featuredmedia":[{"embeddable":true,"href":"https:\/\/portalmovil.com.ar\/index.php\/wp-json\/wp\/v2\/media\/38377"}],"wp:attachment":[{"href":"https:\/\/portalmovil.com.ar\/index.php\/wp-json\/wp\/v2\/media?parent=38376"}],"wp:term":[{"taxonomy":"category","embeddable":true,"href":"https:\/\/portalmovil.com.ar\/index.php\/wp-json\/wp\/v2\/categories?post=38376"},{"taxonomy":"post_tag","embeddable":true,"href":"https:\/\/portalmovil.com.ar\/index.php\/wp-json\/wp\/v2\/tags?post=38376"}],"curies":[{"name":"wp","href":"https:\/\/api.w.org\/{rel}","templated":true}]}}