{"id":3832,"date":"2020-03-21T15:32:29","date_gmt":"2020-03-21T18:32:29","guid":{"rendered":"http:\/\/portalmovil.com.ar\/?p=3832"},"modified":"2020-03-21T15:32:36","modified_gmt":"2020-03-21T18:32:36","slug":"dybala-confirmo-que-esta-infectado-con-coronavirus","status":"publish","type":"post","link":"https:\/\/portalmovil.com.ar\/index.php\/2020\/03\/21\/dybala-confirmo-que-esta-infectado-con-coronavirus\/","title":{"rendered":"Dybala confirm\u00f3 que est\u00e1 infectado con coronavirus"},"content":{"rendered":"\n<p>El futbolista cordob\u00e9s\u00a0Paulo Dybala\u00a0confirm\u00f3 este s\u00e1bado en sus redes sociales que, luego de realizarse los estudios, dio positivo y est\u00e1 afectado por\u00a0<strong>coronavirus<\/strong>.<\/p>\n\n\n\n<p>El jugador de la Juventus de Italia lo public\u00f3 en su\u00a0<strong>Twitter<\/strong>, donde inform\u00f3 que tambi\u00e9n su novia\u00a0<strong>Oriana Sabatini<\/strong>\u00a0est\u00e1 infectada.<\/p>\n\n\n\n<p>Dybala llev\u00f3 tranquilidad a todos sus seguidores, indicando que est\u00e1 aislado y bien de salud.<\/p>\n\n\n\n<figure class=\"wp-block-embed-twitter wp-block-embed is-type-rich is-provider-twitter\"><div class=\"wp-block-embed__wrapper\">\n<div class=\"embed-twitter\"><blockquote class=\"twitter-tweet\" data-width=\"500\" data-dnt=\"true\"><p lang=\"es\" dir=\"ltr\">Hola a todos, quer\u00eda comunicarles que acabamos de recibir los resultados del test del Covid-19 y tanto Oriana como yo dimos positivo. Por fortuna nos encontramos en perfecto estado. Gracias por sus mensajes y un saludo a todos \ud83d\udcaa\ud83c\udffc\ud83d\udcaa\ud83c\udffc\ud83d\udcaa\ud83c\udffc <a href=\"https:\/\/t.co\/g1X1Qtx2S3\">pic.twitter.com\/g1X1Qtx2S3<\/a><\/p>&mdash; Paulo Dybala (@PauDybala_JR) <a href=\"https:\/\/twitter.com\/PauDybala_JR\/status\/1241423889777004549?ref_src=twsrc%5Etfw\">March 21, 2020<\/a><\/blockquote><script async src=\"https:\/\/platform.twitter.com\/widgets.js\" charset=\"utf-8\"><\/script><\/div>\n<\/div><\/figure>\n\n\n\n<p>\u201cHola a todos, quer\u00eda comunicarles que acabamos de recibir los resultados del test del Covid-19 y tanto Oriana como yo dimos positivo. Por fortuna nos encontramos en perfecto estado. Gracias por sus mensajes y un saludo a todos\u201d, public\u00f3 Paulo. <\/p>\n\n\n\n<p>De la Juventus tambi\u00e9n se confirm\u00f3 que padecen coronavirus sus compa\u00f1eros Daniele Rugani y Blaise Matuidi.<\/p>\n","protected":false},"excerpt":{"rendered":"<p>El futbolista cordob\u00e9s\u00a0Paulo Dybala\u00a0confirm\u00f3 este s\u00e1bado en sus redes sociales que, luego de realizarse los estudios, dio positivo y est\u00e1 afectado por\u00a0coronavirus. El jugador de la Juventus de Italia lo public\u00f3 en su\u00a0Twitter, donde inform\u00f3 que tambi\u00e9n su novia\u00a0Oriana Sabatini\u00a0est\u00e1 infectada. Dybala llev\u00f3 tranquilidad a todos sus seguidores, indicando que est\u00e1 aislado y bien de &hellip;<\/p>\n","protected":false},"author":2,"featured_media":3833,"comment_status":"open","ping_status":"open","sticky":false,"template":"","format":"standard","meta":{"_jetpack_memberships_contains_paid_content":false,"footnotes":"","jetpack_publicize_message":"","jetpack_publicize_feature_enabled":true,"jetpack_social_post_already_shared":true,"jetpack_social_options":{"image_generator_settings":{"template":"highway","default_image_id":0,"font":"","enabled":false},"version":2}},"categories":[15,3],"tags":[],"class_list":["post-3832","post","type-post","status-publish","format-standard","has-post-thumbnail","hentry","category-deportes","category-sociedad"],"jetpack_publicize_connections":[],"jetpack_featured_media_url":"https:\/\/portalmovil.com.ar\/wp-content\/uploads\/2020\/03\/1574441510_082670_1574595560_noticia_normal.jpg","jetpack_sharing_enabled":true,"amp_enabled":true,"_links":{"self":[{"href":"https:\/\/portalmovil.com.ar\/index.php\/wp-json\/wp\/v2\/posts\/3832","targetHints":{"allow":["GET"]}}],"collection":[{"href":"https:\/\/portalmovil.com.ar\/index.php\/wp-json\/wp\/v2\/posts"}],"about":[{"href":"https:\/\/portalmovil.com.ar\/index.php\/wp-json\/wp\/v2\/types\/post"}],"author":[{"embeddable":true,"href":"https:\/\/portalmovil.com.ar\/index.php\/wp-json\/wp\/v2\/users\/2"}],"replies":[{"embeddable":true,"href":"https:\/\/portalmovil.com.ar\/index.php\/wp-json\/wp\/v2\/comments?post=3832"}],"version-history":[{"count":1,"href":"https:\/\/portalmovil.com.ar\/index.php\/wp-json\/wp\/v2\/posts\/3832\/revisions"}],"predecessor-version":[{"id":3834,"href":"https:\/\/portalmovil.com.ar\/index.php\/wp-json\/wp\/v2\/posts\/3832\/revisions\/3834"}],"wp:featuredmedia":[{"embeddable":true,"href":"https:\/\/portalmovil.com.ar\/index.php\/wp-json\/wp\/v2\/media\/3833"}],"wp:attachment":[{"href":"https:\/\/portalmovil.com.ar\/index.php\/wp-json\/wp\/v2\/media?parent=3832"}],"wp:term":[{"taxonomy":"category","embeddable":true,"href":"https:\/\/portalmovil.com.ar\/index.php\/wp-json\/wp\/v2\/categories?post=3832"},{"taxonomy":"post_tag","embeddable":true,"href":"https:\/\/portalmovil.com.ar\/index.php\/wp-json\/wp\/v2\/tags?post=3832"}],"curies":[{"name":"wp","href":"https:\/\/api.w.org\/{rel}","templated":true}]}}