{"id":38081,"date":"2021-08-25T17:43:59","date_gmt":"2021-08-25T20:43:59","guid":{"rendered":"https:\/\/portalmovil.com.ar\/?p=38081"},"modified":"2021-08-25T17:44:01","modified_gmt":"2021-08-25T20:44:01","slug":"caso-josue-lago-la-camara-de-apelaciones-analizara-la-falta-de-merito-del-agente-vinuela","status":"publish","type":"post","link":"https:\/\/portalmovil.com.ar\/index.php\/2021\/08\/25\/caso-josue-lago-la-camara-de-apelaciones-analizara-la-falta-de-merito-del-agente-vinuela\/","title":{"rendered":"Caso Josu\u00e9 Lago: la C\u00e1mara de Apelaciones analizar\u00e1 la falta de m\u00e9rito del agente Vi\u00f1uela"},"content":{"rendered":"\n<p>La C\u00e1mara Penal de Apelaciones de Resistencia deber\u00e1 revisar la decisi\u00f3n del Juzgado de Garant\u00edas de General San Mart\u00edn que rechaz\u00f3 un planteo de nulidad contra la falta de m\u00e9rito e inmediata liberaci\u00f3n del agente policial Pablo Vi\u00f1uela dispuesta por la Fiscal\u00eda en lo Penal Especial de Derechos Humanos de S\u00e1enz Pe\u00f1a. Era el \u00fanico imputado por el asesinato del joven Qom acontecido el 11 de junio pasado.<\/p>\n\n\n\n<p>A poco m\u00e1s de dos meses del asesinato del joven Qom Josu\u00e9 Lago a manos de la Polic\u00eda del Chaco, se abre una nueva esperanza de que el caso no contin\u00fae su marcha hacia la impunidad. Es que la C\u00e1mara de Apelaciones en lo Criminal Correccional de Resistencia deber\u00e1 analizar la falta de m\u00e9rito del agente policial Guillermo Pablo Vi\u00f1uela, luego de que el Juzgado de Garant\u00edas de General San Mart\u00edn rechazara el pedido de nulidad planteado por las querellas del Comit\u00e9 Provincial de Prevenci\u00f3n de la Tortura y la Secretar\u00eda de Derechos Humanos y G\u00e9neros contra la resoluci\u00f3n de la Fiscal\u00eda en lo Penal Especial de Derechos Humanos Adjunta de S\u00e1enz Pe\u00f1a, que adem\u00e1s orden\u00f3 la libertad inmediata del funcionario policial.<\/p>\n\n\n\n<p>En los \u00faltimos d\u00edas, la propia fiscal Slusar remiti\u00f3 la causa a la C\u00e1mara que preside el doctor Gustavo Serrano y que completan sus pares H\u00e9ctor Geijo y Mercedes Riera, luego de que la jueza de Garant\u00edas de San Mart\u00edn, Ana Mar\u00eda Rubio, confirmara su decisi\u00f3n de dictar la falta de m\u00e9rito del agente Vi\u00f1uela. Ahora, los camaristas tendr\u00e1n en sus manos la posibilidad de evaluar los recursos de nulidad impulsados por las querellas del Comit\u00e9 Provincial de Prevenci\u00f3n de la Tortura, representada por el abogado Roberto Sotelo; y de la Secretar\u00eda de Derechos Humanos y G\u00e9neros, a cargo de la abogada Romina Duarte.<\/p>\n\n\n\n<p>En su planteo de nulidad a la falta de m\u00e9rito, el escrito del Comit\u00e9 de Prevenci\u00f3n contra la Tortura se\u00f1alaba que la fiscal Slusar realiz\u00f3 una valoraci\u00f3n \u201cparcial e infundada\u201d de los elementos de la causa al no tomar en cuenta el \u201cabundante material probatorio\u201d consistente en informes t\u00e9cnicos, pruebas documentales, testimoniales, informes cient\u00edficos que, de acuerdo a la querella, debieron concluir con el dictado de la prisi\u00f3n preventiva y no con la falta de m\u00e9rito.<\/p>\n\n\n\n<p>Seg\u00fan la presentaci\u00f3n de Sotelo, la decisi\u00f3n de la fiscal de Derechos Humanos Adjunta adolece de falta de perspectiva frente a la violencia institucional, fue adoptada sin sustanciaci\u00f3n y sin o\u00edr a las partes, fue arbitraria, incumpli\u00f3 la ley 27.372 (de derechos y garant\u00edas de las personas v\u00edctimas de delitos) y, adem\u00e1s, existe un peligro cierto de que de estar en libertad el agente Vi\u00f1uela pueda entorpecer la investigaci\u00f3n. \u201cAqu\u00ed se investiga nada m\u00e1s y nada menos a efectivos de la fuerza policial, encontr\u00e1ndonos frente a un caso de violencia institucional de extrema gravedad por la calidad funcional de los autores\u201d, consignaba el escrito.<\/p>\n\n\n\n<p>Vale recordar que entre los elementos de prueba contra Vi\u00f1uela se encuentran la prueba de p\u00f3lvora en sus manos, que arroj\u00f3 resultado positivo, y declaraciones testimoniales que ubican al agente en el lugar del crimen y otros testigos que lo habr\u00edan escuchado reconociendo que fue autor del hecho.<\/p>\n\n\n\n<p>FUENTE: <strong><em>CHACODIAPORDIA.COM<\/em><\/strong><\/p>\n","protected":false},"excerpt":{"rendered":"<p>La C\u00e1mara Penal de Apelaciones de Resistencia deber\u00e1 revisar la decisi\u00f3n del Juzgado de Garant\u00edas de General San Mart\u00edn que rechaz\u00f3 un planteo de nulidad contra la falta de m\u00e9rito e inmediata liberaci\u00f3n del agente policial Pablo Vi\u00f1uela dispuesta por la Fiscal\u00eda en lo Penal Especial de Derechos Humanos de S\u00e1enz Pe\u00f1a. Era el \u00fanico &hellip;<\/p>\n","protected":false},"author":2,"featured_media":38082,"comment_status":"open","ping_status":"open","sticky":false,"template":"","format":"standard","meta":{"_jetpack_memberships_contains_paid_content":false,"footnotes":"","jetpack_publicize_message":"","jetpack_publicize_feature_enabled":true,"jetpack_social_post_already_shared":true,"jetpack_social_options":{"image_generator_settings":{"template":"highway","default_image_id":0,"font":"","enabled":false},"version":2}},"categories":[5,50],"tags":[],"class_list":["post-38081","post","type-post","status-publish","format-standard","has-post-thumbnail","hentry","category-chaco","category-judiciales"],"jetpack_publicize_connections":[],"jetpack_featured_media_url":"https:\/\/portalmovil.com.ar\/wp-content\/uploads\/2021\/08\/josue-696x522-1.jpg","jetpack_sharing_enabled":true,"amp_enabled":true,"_links":{"self":[{"href":"https:\/\/portalmovil.com.ar\/index.php\/wp-json\/wp\/v2\/posts\/38081","targetHints":{"allow":["GET"]}}],"collection":[{"href":"https:\/\/portalmovil.com.ar\/index.php\/wp-json\/wp\/v2\/posts"}],"about":[{"href":"https:\/\/portalmovil.com.ar\/index.php\/wp-json\/wp\/v2\/types\/post"}],"author":[{"embeddable":true,"href":"https:\/\/portalmovil.com.ar\/index.php\/wp-json\/wp\/v2\/users\/2"}],"replies":[{"embeddable":true,"href":"https:\/\/portalmovil.com.ar\/index.php\/wp-json\/wp\/v2\/comments?post=38081"}],"version-history":[{"count":1,"href":"https:\/\/portalmovil.com.ar\/index.php\/wp-json\/wp\/v2\/posts\/38081\/revisions"}],"predecessor-version":[{"id":38083,"href":"https:\/\/portalmovil.com.ar\/index.php\/wp-json\/wp\/v2\/posts\/38081\/revisions\/38083"}],"wp:featuredmedia":[{"embeddable":true,"href":"https:\/\/portalmovil.com.ar\/index.php\/wp-json\/wp\/v2\/media\/38082"}],"wp:attachment":[{"href":"https:\/\/portalmovil.com.ar\/index.php\/wp-json\/wp\/v2\/media?parent=38081"}],"wp:term":[{"taxonomy":"category","embeddable":true,"href":"https:\/\/portalmovil.com.ar\/index.php\/wp-json\/wp\/v2\/categories?post=38081"},{"taxonomy":"post_tag","embeddable":true,"href":"https:\/\/portalmovil.com.ar\/index.php\/wp-json\/wp\/v2\/tags?post=38081"}],"curies":[{"name":"wp","href":"https:\/\/api.w.org\/{rel}","templated":true}]}}