{"id":38068,"date":"2021-08-25T17:15:26","date_gmt":"2021-08-25T20:15:26","guid":{"rendered":"https:\/\/portalmovil.com.ar\/?p=38068"},"modified":"2021-08-25T17:15:28","modified_gmt":"2021-08-25T20:15:28","slug":"nacion-y-provincia-realizan-un-megaoperativo-sanitario-en-17-localidades-del-impenetrable","status":"publish","type":"post","link":"https:\/\/portalmovil.com.ar\/index.php\/2021\/08\/25\/nacion-y-provincia-realizan-un-megaoperativo-sanitario-en-17-localidades-del-impenetrable\/","title":{"rendered":"Naci\u00f3n y Provincia realizan un megaoperativo sanitario en 17 localidades del Impenetrable"},"content":{"rendered":"\n<p>La vicegobernadora Anal\u00eda Rach Quiroga y la ministra de Salud, Carolina Centeno, lanzaron este mi\u00e9rcoles los operativos de atenci\u00f3n sanitaria integral que el Gobierno provincial y el nacional realizar\u00e1n durante un mes en El Impenetrable, comenzando este mi\u00e9rcoles 25 en El Sauzalito y Nueva Pompeya. \u201cEs indispensable llegar con el trabajo articulado de Naci\u00f3n, Provincia y cada uno de los municipios, para garantizar el acceso a la salud de todas y todos\u201d, asever\u00f3 Anal\u00eda Rach.<\/p>\n\n\n\n<p>Form\u00f3 parte de la presentaci\u00f3n una comitiva de funcionarias nacionales: la subsecretaria de Integraci\u00f3n de los Sistemas de Salud y Atenci\u00f3n Primaria, Judit D\u00edaz Baz\u00e1n; la directora del Instituto Nacional del C\u00e1ncer, Patricia Gallardo; y la directora de Salud Perinatal y Ni\u00f1ez, Gabriela Bauer; y la subsecretaria de Derechos Humanos y G\u00e9nero de la provincia, Silvana P\u00e9rez.<\/p>\n\n\n\n<p>En el operativo trabajan de forma articulada los ministerios de Salud de la Naci\u00f3n y del Chaco, la Cruz Roja y Unicef, que brindar\u00e1n atenci\u00f3n m\u00e9dica, obst\u00e9trica y de enfermer\u00eda a pobladores de El Impenetrable con especial enfoque en el acceso de ni\u00f1as, ni\u00f1os, adolescentes y personas gestantes. Adem\u00e1s, trabajar\u00e1n en la detecci\u00f3n y el manejo comunitario de la desnutrici\u00f3n aguda. En simult\u00e1neo, los equipos t\u00e9cnicos desarrollar\u00e1n tareas de capacitaci\u00f3n para la implementaci\u00f3n de la Ley de los 1.000 D\u00edas, as\u00ed como en la detecci\u00f3n y tratamiento de enfermedades prevalentes.<\/p>\n\n\n\n<p>Durante la presentaci\u00f3n, la ministra Centeno indic\u00f3 que \u201clas atenciones m\u00e9dicas permitir\u00e1n realizar diagn\u00f3sticos y delinear planes de trabajo para avanzar en la mejora del sistema sanitario y en la mejora de la calidad de vida de las personas\u201d.<\/p>\n\n\n\n<p>En la misma l\u00ednea, la subsecretaria D\u00edaz Baz\u00e1n explic\u00f3 que en el operativo se controlar\u00e1 el estado del carnet de vacunaci\u00f3n, se evaluar\u00e1 el nivel de crecimiento de cada ni\u00f1a y ni\u00f1o, se controlar\u00e1 a las personas gestantes, adem\u00e1s de controles de diabetes, hipertensi\u00f3n entre otras patolog\u00edas.<\/p>\n\n\n\n<p>\u201cDesde el programa Materno Infantil y Salud Comunitaria se defini\u00f3 como prioridad llegar a quienes m\u00e1s nos necesitan que son las poblaciones m\u00e1s dispersas, las poblaciones ind\u00edgenas, y en nuestro caso vamos a hacer hincapi\u00e9 en una estrategia que es el manejo comunitario de la desnutrici\u00f3n aguda, un relevamiento del estado nutricional de los ni\u00f1os y ni\u00f1as de la regi\u00f3n donde vamos a estar trabajando en conjunto. No es un diagn\u00f3stico pasivo, hay alimentos terap\u00e9uticos, ya que estas estrategias conllevan tambi\u00e9n la intervenci\u00f3n mediante un trabajo en red\u201d, expres\u00f3 la directora Bauer.<\/p>\n\n\n\n<h2 class=\"wp-block-heading\"><strong>Operativos territoriales<\/strong><\/h2>\n\n\n\n<p>El abordaje territorial permitir\u00e1 acercar operativos sanitarios integrales a las y los pobladores de las 17 localidades que conforman la regi\u00f3n sanitaria 5 de El Impenetrable. Las prestaciones ser\u00e1n desplegadas hasta el 18 de septiembre y contar\u00e1n con el trabajo de equipos locales, voluntarios y personal m\u00e9dico e insumos destinados a atender las necesidades particulares de cada ciudad y zona visitada.<\/p>\n\n\n\n<p>Esta tarea apunta a fortalecer y acompa\u00f1ar a los equipos locales en las estrategias y programas de salud locales, atendiendo a las particularidades y demandas sanitarias que presenta la poblaci\u00f3n de cada comunidad chaque\u00f1a. Los equipos estar\u00e1n conformados por personal m\u00e9dico, t\u00e9cnico y sanitario del Ministerio de Salud P\u00fablica de Chaco, del Ministerio de Salud de la Naci\u00f3n y voluntarios y voluntarias de la Cruz Roja que recorrer\u00e1n las localidades atendiendo las demandas de salud de la poblaci\u00f3n local. Tambi\u00e9n se brindar\u00e1n cursos de enfermedades transmisibles y cr\u00f3nicas, planificaci\u00f3n familiar y perspectiva de g\u00e9nero, entre otros servicios.<\/p>\n\n\n\n<h2 class=\"wp-block-heading\"><strong>Los operativos itinerantes con prestaciones sanitarias recorrer\u00e1n las localidades de la Regi\u00f3n Sanitaria 5 de acuerdo al siguiente cronograma:<\/strong><\/h2>\n\n\n\n<ul class=\"wp-block-list\"><li>Del 25 al 29 de agosto: El Sauzalito y Nueva Pompeya.<\/li><li>Del 30 de agosto al 1 de septiembre: Comandancia Fr\u00edas y Wichi &#8211; El Pintado.<\/li><li>El 2 y 3 de septiembre: El Sauzal y Fuerte Esperanza.<\/li><li>Del 4 al 6 de septiembre: El Espinillo y Pampa del Infierno.<\/li><li>El 7 y 8 de septiembre: Juan Jos\u00e9 Castelli y Taco Pozo.<\/li><li>Del 9 al 11 de septiembre: Miraflores y Los Frentones.<\/li><li>Del 13 al 15 de septiembre: Villa R\u00edo Bermejito y Concepci\u00f3n del Bermejo.<\/li><li>El 16 y 17 de septiembre: Tres Isletas, Av\u00eda Terai y Campo Largo.<\/li><\/ul>\n","protected":false},"excerpt":{"rendered":"<p>La vicegobernadora Anal\u00eda Rach Quiroga y la ministra de Salud, Carolina Centeno, lanzaron este mi\u00e9rcoles los operativos de atenci\u00f3n sanitaria integral que el Gobierno provincial y el nacional realizar\u00e1n durante un mes en El Impenetrable, comenzando este mi\u00e9rcoles 25 en El Sauzalito y Nueva Pompeya. \u201cEs indispensable llegar con el trabajo articulado de Naci\u00f3n, Provincia &hellip;<\/p>\n","protected":false},"author":2,"featured_media":38069,"comment_status":"open","ping_status":"open","sticky":false,"template":"","format":"standard","meta":{"_jetpack_memberships_contains_paid_content":false,"footnotes":"","jetpack_publicize_message":"","jetpack_publicize_feature_enabled":true,"jetpack_social_post_already_shared":true,"jetpack_social_options":{"image_generator_settings":{"template":"highway","default_image_id":0,"font":"","enabled":false},"version":2}},"categories":[5,46],"tags":[],"class_list":["post-38068","post","type-post","status-publish","format-standard","has-post-thumbnail","hentry","category-chaco","category-salud"],"jetpack_publicize_connections":[],"jetpack_featured_media_url":"https:\/\/portalmovil.com.ar\/wp-content\/uploads\/2021\/08\/ea59ec7fb41697c51ee26a41506882d2.jpg","jetpack_sharing_enabled":true,"amp_enabled":true,"_links":{"self":[{"href":"https:\/\/portalmovil.com.ar\/index.php\/wp-json\/wp\/v2\/posts\/38068","targetHints":{"allow":["GET"]}}],"collection":[{"href":"https:\/\/portalmovil.com.ar\/index.php\/wp-json\/wp\/v2\/posts"}],"about":[{"href":"https:\/\/portalmovil.com.ar\/index.php\/wp-json\/wp\/v2\/types\/post"}],"author":[{"embeddable":true,"href":"https:\/\/portalmovil.com.ar\/index.php\/wp-json\/wp\/v2\/users\/2"}],"replies":[{"embeddable":true,"href":"https:\/\/portalmovil.com.ar\/index.php\/wp-json\/wp\/v2\/comments?post=38068"}],"version-history":[{"count":1,"href":"https:\/\/portalmovil.com.ar\/index.php\/wp-json\/wp\/v2\/posts\/38068\/revisions"}],"predecessor-version":[{"id":38070,"href":"https:\/\/portalmovil.com.ar\/index.php\/wp-json\/wp\/v2\/posts\/38068\/revisions\/38070"}],"wp:featuredmedia":[{"embeddable":true,"href":"https:\/\/portalmovil.com.ar\/index.php\/wp-json\/wp\/v2\/media\/38069"}],"wp:attachment":[{"href":"https:\/\/portalmovil.com.ar\/index.php\/wp-json\/wp\/v2\/media?parent=38068"}],"wp:term":[{"taxonomy":"category","embeddable":true,"href":"https:\/\/portalmovil.com.ar\/index.php\/wp-json\/wp\/v2\/categories?post=38068"},{"taxonomy":"post_tag","embeddable":true,"href":"https:\/\/portalmovil.com.ar\/index.php\/wp-json\/wp\/v2\/tags?post=38068"}],"curies":[{"name":"wp","href":"https:\/\/api.w.org\/{rel}","templated":true}]}}