{"id":38046,"date":"2021-08-25T14:02:45","date_gmt":"2021-08-25T17:02:45","guid":{"rendered":"https:\/\/portalmovil.com.ar\/?p=38046"},"modified":"2021-08-25T17:10:21","modified_gmt":"2021-08-25T20:10:21","slug":"causa-memorandum-la-defensa-de-cristina-kirchner-insto-al-tribunal-a-dictar-una-fallo-historico-y-sobreseer-a-todos-los-acusados","status":"publish","type":"post","link":"https:\/\/portalmovil.com.ar\/index.php\/2021\/08\/25\/causa-memorandum-la-defensa-de-cristina-kirchner-insto-al-tribunal-a-dictar-una-fallo-historico-y-sobreseer-a-todos-los-acusados\/","title":{"rendered":"Causa Memor\u00e1ndum: La defensa de Cristina Kirchner inst\u00f3 al tribunal a dictar una fallo \u00abhist\u00f3rico\u00bb y sobreseer a todos los acusados"},"content":{"rendered":"\n<p>El expediente iniciado a partir de una denuncia del fiscal Nisman hab\u00eda sido desestimada en varias instancias pero reabierta por jueces de Casaci\u00f3n que se reun\u00edan en Olivos con Macri.<\/p>\n\n\n\n<p>El abogado de la vicepresidenta&nbsp;<strong>Cristina Kirchner, Carlos Beraldi,<\/strong>&nbsp;consider\u00f3 este mi\u00e9rcoles un \u00abmenoscabo de su independencia\u00bb la conducta de los magistrados de la C\u00e1mara Federal de&nbsp;Casaci\u00f3n&nbsp;que visitaron al ex presidente&nbsp;<strong>Mauricio Macri&nbsp;<\/strong>durante su gesti\u00f3n y pidi\u00f3 un fallo \u00abhist\u00f3rico\u00bb en la causa por el Memor\u00e1ndum de Entendimiento con Ir\u00e1n que sobresea a todos los acusados.<\/p>\n\n\n\n<div class=\"wp-block-image\"><figure class=\"aligncenter size-large is-resized\"><img loading=\"lazy\" decoding=\"async\" src=\"https:\/\/portalmovil.com.ar\/wp-content\/uploads\/2021\/08\/Carlos-Beraldi-defensor-de-Cristina-Kirchner-pidio-el-sobreseimiento-de-todos-y-todas-las-personas-acusadas-por-la-causa-del-Memorando-con-Iran-e1629903055210.jpg\" alt=\"\" class=\"wp-image-38047\" width=\"919\" height=\"612\" srcset=\"https:\/\/portalmovil.com.ar\/wp-content\/uploads\/2021\/08\/Carlos-Beraldi-defensor-de-Cristina-Kirchner-pidio-el-sobreseimiento-de-todos-y-todas-las-personas-acusadas-por-la-causa-del-Memorando-con-Iran-e1629903055210.jpg 520w, https:\/\/portalmovil.com.ar\/wp-content\/uploads\/2021\/08\/Carlos-Beraldi-defensor-de-Cristina-Kirchner-pidio-el-sobreseimiento-de-todos-y-todas-las-personas-acusadas-por-la-causa-del-Memorando-con-Iran-e1629903055210-300x200.jpg 300w\" sizes=\"auto, (max-width: 919px) 100vw, 919px\" \/><\/figure><\/div>\n\n\n\n<p>\u00abLa conducta de los magistrados de haberse entrevistado con el presidente&nbsp;Macri&nbsp;ya importa una interferencia y un menoscabo de su independencia\u00bb. sostuvo Beraldi al comenzar a exponer ante el Tribunal Oral Federal 8 en una nueva jornada de la audiencia por el planteo de nulidad de la causa por la firma del Memor\u00e1ndum con Ir\u00e1n por el atentado a la AMIA.<\/p>\n\n\n\n<p>Beraldi abri\u00f3 la audiencia de r\u00e9plicas a los argumentos que la semana pasada dio el fiscal de juicio&nbsp;<strong>Marcelo Colombo<\/strong>&nbsp;cuando pidi\u00f3 rechazar la nulidad planteada a ra\u00edz de las visitas de los jueces&nbsp;<strong>Mariano Borinsky<\/strong>&nbsp;y&nbsp;<strong>Gustavo Hornos<\/strong>&nbsp;a Macri en 2016,&nbsp;a\u00f1o en que resolvieron reabrir la causa que hab\u00eda sido cerrada por inexistencia de delito en la justicia de primera instancia.<\/p>\n\n\n\n<p>Beraldi remarc\u00f3 que&nbsp;lo que se debate es \u00abla garant\u00eda del juez natural\u00bb y la \u00abindependencia judicial\u00bb&nbsp;como garant\u00eda \u00abfundamental de la existencia de un juicio justo\u00bb<\/p>\n\n\n\n<p>En su exposici\u00f3n, el fiscal Colombo \u00ablo que hace es restarle valor a los hechos que se mencionaron a partir de un argumento que se apoya en una norma que no tiene vinculaci\u00f3n con el caso\u00bb, continu\u00f3 el abogado.<\/p>\n\n\n\n<p>\u00abLo que se trata es de un planteo sobre la independencia del juez y el Presidente de la Naci\u00f3n como titular de uno de los poderes del Estado es una de las personas que para preservar esa independencia no puede tener contacto con los jueces\u00bb, agreg\u00f3 Beraldi.<\/p>\n\n\n\n<p>El letrado&nbsp;pidi\u00f3 adem\u00e1s el sobreseimiento de todos y todas las personas acusadas por la causa y exhort\u00f3 al tribunal dictar un fallo hist\u00f3rico y cerrar un expediente \u201ctan vergonzoso\u201d&nbsp;como es el caso originado a partir de la denuncia del fiscal<strong>&nbsp;Alberto Nisman<\/strong>.<\/p>\n\n\n\n<p>Beraldi sostuvo que&nbsp;los jueces tienen una \u201coportunidad hist\u00f3rica\u201d al solicitar poner fin \u00aba las pr\u00e1cticas que tanta falta de credibilidad le han ocasionado al Poder Judicial\u201d&nbsp;y requiri\u00f3 a los jueces un fallo similar al de la Corta brasilera cuando absolvi\u00f3 a<strong>&nbsp;Lula Da Silva<\/strong>&nbsp;frente a las interferencias del poder pol\u00edtico.<\/p>\n\n\n\n<p>El Tribunal escuchar\u00e1 las r\u00e9plicas de todas las defensas a la intervenci\u00f3n del fiscal y luego quedar\u00e1&nbsp;en condiciones de resolver si acepta la nulidad planteada y sobresee a todos los imputados sin realizar el juicio oral o sigue adelante con la preparaci\u00f3n de ese debate.<\/p>\n\n\n\n<p><\/p>\n","protected":false},"excerpt":{"rendered":"<p>El expediente iniciado a partir de una denuncia del fiscal Nisman hab\u00eda sido desestimada en varias instancias pero reabierta por jueces de Casaci\u00f3n que se reun\u00edan en Olivos con Macri.<\/p>\n","protected":false},"author":2,"featured_media":38048,"comment_status":"open","ping_status":"open","sticky":false,"template":"","format":"standard","meta":{"_jetpack_memberships_contains_paid_content":false,"footnotes":"","jetpack_publicize_message":"","jetpack_publicize_feature_enabled":true,"jetpack_social_post_already_shared":true,"jetpack_social_options":{"image_generator_settings":{"template":"highway","default_image_id":0,"font":"","enabled":false},"version":2}},"categories":[639,50],"tags":[],"class_list":["post-38046","post","type-post","status-publish","format-standard","has-post-thumbnail","hentry","category-argentina","category-judiciales"],"jetpack_publicize_connections":[],"jetpack_featured_media_url":"https:\/\/portalmovil.com.ar\/wp-content\/uploads\/2021\/08\/cristina-tribunales.jpg","jetpack_sharing_enabled":true,"amp_enabled":true,"_links":{"self":[{"href":"https:\/\/portalmovil.com.ar\/index.php\/wp-json\/wp\/v2\/posts\/38046","targetHints":{"allow":["GET"]}}],"collection":[{"href":"https:\/\/portalmovil.com.ar\/index.php\/wp-json\/wp\/v2\/posts"}],"about":[{"href":"https:\/\/portalmovil.com.ar\/index.php\/wp-json\/wp\/v2\/types\/post"}],"author":[{"embeddable":true,"href":"https:\/\/portalmovil.com.ar\/index.php\/wp-json\/wp\/v2\/users\/2"}],"replies":[{"embeddable":true,"href":"https:\/\/portalmovil.com.ar\/index.php\/wp-json\/wp\/v2\/comments?post=38046"}],"version-history":[{"count":3,"href":"https:\/\/portalmovil.com.ar\/index.php\/wp-json\/wp\/v2\/posts\/38046\/revisions"}],"predecessor-version":[{"id":38065,"href":"https:\/\/portalmovil.com.ar\/index.php\/wp-json\/wp\/v2\/posts\/38046\/revisions\/38065"}],"wp:featuredmedia":[{"embeddable":true,"href":"https:\/\/portalmovil.com.ar\/index.php\/wp-json\/wp\/v2\/media\/38048"}],"wp:attachment":[{"href":"https:\/\/portalmovil.com.ar\/index.php\/wp-json\/wp\/v2\/media?parent=38046"}],"wp:term":[{"taxonomy":"category","embeddable":true,"href":"https:\/\/portalmovil.com.ar\/index.php\/wp-json\/wp\/v2\/categories?post=38046"},{"taxonomy":"post_tag","embeddable":true,"href":"https:\/\/portalmovil.com.ar\/index.php\/wp-json\/wp\/v2\/tags?post=38046"}],"curies":[{"name":"wp","href":"https:\/\/api.w.org\/{rel}","templated":true}]}}