{"id":37945,"date":"2021-08-24T19:58:49","date_gmt":"2021-08-24T22:58:49","guid":{"rendered":"https:\/\/portalmovil.com.ar\/?p=37945"},"modified":"2021-08-24T19:59:48","modified_gmt":"2021-08-24T22:59:48","slug":"fiesta-en-olivos-el-abogado-de-una-de-las-invitadas-planteo-la-inconstitucionalidad-del-dnu-que-impuso-la-cuarentena-estricta","status":"publish","type":"post","link":"https:\/\/portalmovil.com.ar\/index.php\/2021\/08\/24\/fiesta-en-olivos-el-abogado-de-una-de-las-invitadas-planteo-la-inconstitucionalidad-del-dnu-que-impuso-la-cuarentena-estricta\/","title":{"rendered":"Fiesta en Olivos: el abogado de una de las invitadas plante\u00f3 la inconstitucionalidad del DNU que impuso la cuarentena estricta"},"content":{"rendered":"\n<p>Mauricio D \u00b4Alessandro pidi\u00f3 este martes al juez Sebasti\u00e1n Casanello el sobreseimiento de Stefan\u00eda Dom\u00ednguez, amiga de Fabiola Ya\u00f1ez. Argumenta que el decreto que impuso la prohibici\u00f3n a circular y reunirse fue contrario a la Constituci\u00f3n.<\/p>\n\n\n\n<p>El abogado&nbsp;<strong>Mauricio D \u00b4Alessandro<\/strong>, defensor de una de las asistentes a la&nbsp;fiesta de la primera dama, Fabiola Ya\u00f1ez, en la Quinta de Olivos&nbsp;durante la etapa m\u00e1s estricta de la cuarentena por el coronavirus, pidi\u00f3 este martes al juez Sebasti\u00e1n Casanello que declare la<strong>&nbsp;\u201cinconstitucionalidad\u201d de los DNU<\/strong>&nbsp;que establecieron la prohibici\u00f3n de circulaci\u00f3n y reuni\u00f3n como medida para contener la pandemia.<\/p>\n\n\n\n<figure class=\"wp-block-image size-large\"><img loading=\"lazy\" decoding=\"async\" width=\"1024\" height=\"576\" src=\"https:\/\/portalmovil.com.ar\/wp-content\/uploads\/2021\/08\/55IGZ7D3GFANDBCIN7Q7QD3TPM-1024x576.jpg\" alt=\"\" class=\"wp-image-37949\" srcset=\"https:\/\/portalmovil.com.ar\/wp-content\/uploads\/2021\/08\/55IGZ7D3GFANDBCIN7Q7QD3TPM-1024x576.jpg 1024w, https:\/\/portalmovil.com.ar\/wp-content\/uploads\/2021\/08\/55IGZ7D3GFANDBCIN7Q7QD3TPM-300x169.jpg 300w, https:\/\/portalmovil.com.ar\/wp-content\/uploads\/2021\/08\/55IGZ7D3GFANDBCIN7Q7QD3TPM-768x432.jpg 768w, https:\/\/portalmovil.com.ar\/wp-content\/uploads\/2021\/08\/55IGZ7D3GFANDBCIN7Q7QD3TPM-1536x864.jpg 1536w, https:\/\/portalmovil.com.ar\/wp-content\/uploads\/2021\/08\/55IGZ7D3GFANDBCIN7Q7QD3TPM.jpg 1920w\" sizes=\"auto, (max-width: 1024px) 100vw, 1024px\" \/><\/figure>\n\n\n\n<p>D\u00b4Alessandro present\u00f3 el escrito a las 14:08, ya vencido el plazo de atenci\u00f3n el p\u00fablico en Tribunales, invocando adem\u00e1s la doctrina del \u201c<strong>error de prohibici\u00f3n<\/strong>&nbsp;y atipicidad de la conducta\u201d de su defendida,&nbsp;<strong>Stefan\u00eda Dom\u00ednguez<\/strong>, la amiga de Ya\u00f1ez aquien en el&nbsp;<strong>Ejecutivo se\u00f1alan&nbsp;<\/strong>como la responsable de filtrar la primera&nbsp;<strong>fotograf\u00eda.<\/strong><\/p>\n\n\n\n<p>El escrito, de 14 p\u00e1ginas, reclama \u201cel&nbsp;<strong>sobreseimiento total&nbsp;<\/strong>y definitivo de Stefan\u00eda Dom\u00ednguez por<strong>&nbsp;inexistencia de delito<\/strong>&nbsp;y resultar at\u00edpico el accionar objeto de imputaci\u00f3n\u201d.<\/p>\n\n\n\n<p>El letrado sostuvo,&nbsp;que<strong>&nbsp;el DNU<\/strong>&nbsp;vigente para la fecha de la celebraci\u00f3n, as\u00ed como todos los otros adoptados en el marco de la pandemia que hubieran cercenado libertades individuales, son&nbsp;<strong>contrarios a la Constituci\u00f3n<\/strong>&nbsp;y fueron emitidos<strong>&nbsp;violando el procedimiento previsto para esos casos<\/strong>. \u201cNo existieron circunstancias excepcionales en cuanto al funcionamiento y ejercicio de las legales y constitucionales facultades legislativas, que hicieran imposible seguir los tr\u00e1mites ordinarios previstos por la Constituci\u00f3n Nacional para la sanci\u00f3n de las leyes\u201d, dispar\u00f3 el escrito.<\/p>\n\n\n\n<figure class=\"wp-block-image size-large\"><img loading=\"lazy\" decoding=\"async\" width=\"1024\" height=\"573\" src=\"https:\/\/portalmovil.com.ar\/wp-content\/uploads\/2021\/08\/XKUQAG7MNTU6UAOU7KOHO2DSAY-1024x573.jpg\" alt=\"\" class=\"wp-image-37947\" srcset=\"https:\/\/portalmovil.com.ar\/wp-content\/uploads\/2021\/08\/XKUQAG7MNTU6UAOU7KOHO2DSAY-1024x573.jpg 1024w, https:\/\/portalmovil.com.ar\/wp-content\/uploads\/2021\/08\/XKUQAG7MNTU6UAOU7KOHO2DSAY-300x168.jpg 300w, https:\/\/portalmovil.com.ar\/wp-content\/uploads\/2021\/08\/XKUQAG7MNTU6UAOU7KOHO2DSAY-768x430.jpg 768w, https:\/\/portalmovil.com.ar\/wp-content\/uploads\/2021\/08\/XKUQAG7MNTU6UAOU7KOHO2DSAY.jpg 1440w\" sizes=\"auto, (max-width: 1024px) 100vw, 1024px\" \/><\/figure>\n\n\n\n<p>\u201cEs obvio remarcar que Dom\u00ednguez jam\u00e1s puso en riesgo el bien jur\u00eddico que los decretos \u2013<strong>m\u00e1s all\u00e1<\/strong>&nbsp;de su invalidez e&nbsp;<strong>inconstitucionalidad<\/strong>&#8211; buscaban proteger -la salud p\u00fablica- ya que<strong>&nbsp;no se<\/strong>&nbsp;<strong>pudo determinar<\/strong>&nbsp;que ninguna de esas personas que participaron en la referida reuni\u00f3n hayan estado&nbsp;<strong>contagiadas&nbsp;<\/strong>de Covid-19\u201d, sostuvo el abogado.<\/p>\n\n\n\n<p>En ese caso, se trata de uno de los argumentos que tambi\u00e9n defienden el Presidente y sus funcionarios para asegurar que no existi\u00f3 delito.  Alberto Fern\u00e1ndez tiene previsto tiene previsto&nbsp;donar parte de su sueldo a modo de \u201creparaci\u00f3n voluntaria\u201d&nbsp;por la celebraci\u00f3n del cumplea\u00f1os de la primera dama.<\/p>\n\n\n\n<p>Seg\u00fan el escrito, \u201cde las tomas fotogr\u00e1ficas y filmaciones incorporadas pod\u00eda observarse un grupo de personas que concurrieron a una reuni\u00f3n,&nbsp;<strong>sin aparente respeto de los protocolos<\/strong>&nbsp;sanitarios establecidos por el Poder Ejecutivo Nacional, tales como el respectivo distanciamiento social, la utilizaci\u00f3n de \u0301 barbijos y\/o m\u00e1scaras faciales\u201d.<\/p>\n\n\n\n<p>No obstante, consider\u00f3 el defensor de una de las asistentes a la velada, tal conducta \u201cencuentra encuadre en el<strong>&nbsp;ejercicio de derechos&nbsp;<\/strong>de jerarqu\u00eda superior, como son \u0301 la<strong>&nbsp;libertad de reuni\u00f3n<\/strong>&nbsp;y, a su vez, no haberse corroborado que en ese entonces se hubieran encontrado cursando la enfermedad causada por el COVID-19 o padeciendo alg\u00fan s\u00edntoma compatible con la misma\u201d. \u201cDebe descartarse que con su accionar hubiera puesto en peligro la salud p\u00fablica y\/o propagado una enfermedad que no padec\u00eda\u201d, subray\u00f3.<\/p>\n","protected":false},"excerpt":{"rendered":"<p>Mauricio D \u00b4Alessandro pidi\u00f3 este martes al juez Sebasti\u00e1n Casanello el sobreseimiento de Stefan\u00eda Dom\u00ednguez, amiga de Fabiola Ya\u00f1ez. Argumenta que el decreto que impuso la prohibici\u00f3n a circular y reunirse fue contrario a la Constituci\u00f3n.<\/p>\n","protected":false},"author":2,"featured_media":37953,"comment_status":"open","ping_status":"open","sticky":false,"template":"","format":"standard","meta":{"_jetpack_memberships_contains_paid_content":false,"footnotes":"","jetpack_publicize_message":"","jetpack_publicize_feature_enabled":true,"jetpack_social_post_already_shared":true,"jetpack_social_options":{"image_generator_settings":{"template":"highway","default_image_id":0,"font":"","enabled":false},"version":2}},"categories":[3],"tags":[],"class_list":["post-37945","post","type-post","status-publish","format-standard","has-post-thumbnail","hentry","category-sociedad"],"jetpack_publicize_connections":[],"jetpack_featured_media_url":"https:\/\/portalmovil.com.ar\/wp-content\/uploads\/2021\/08\/7D91B602C0217CBD4B8A08BED526AA9C567-1629415428.jpg","jetpack_sharing_enabled":true,"amp_enabled":true,"_links":{"self":[{"href":"https:\/\/portalmovil.com.ar\/index.php\/wp-json\/wp\/v2\/posts\/37945","targetHints":{"allow":["GET"]}}],"collection":[{"href":"https:\/\/portalmovil.com.ar\/index.php\/wp-json\/wp\/v2\/posts"}],"about":[{"href":"https:\/\/portalmovil.com.ar\/index.php\/wp-json\/wp\/v2\/types\/post"}],"author":[{"embeddable":true,"href":"https:\/\/portalmovil.com.ar\/index.php\/wp-json\/wp\/v2\/users\/2"}],"replies":[{"embeddable":true,"href":"https:\/\/portalmovil.com.ar\/index.php\/wp-json\/wp\/v2\/comments?post=37945"}],"version-history":[{"count":2,"href":"https:\/\/portalmovil.com.ar\/index.php\/wp-json\/wp\/v2\/posts\/37945\/revisions"}],"predecessor-version":[{"id":37954,"href":"https:\/\/portalmovil.com.ar\/index.php\/wp-json\/wp\/v2\/posts\/37945\/revisions\/37954"}],"wp:featuredmedia":[{"embeddable":true,"href":"https:\/\/portalmovil.com.ar\/index.php\/wp-json\/wp\/v2\/media\/37953"}],"wp:attachment":[{"href":"https:\/\/portalmovil.com.ar\/index.php\/wp-json\/wp\/v2\/media?parent=37945"}],"wp:term":[{"taxonomy":"category","embeddable":true,"href":"https:\/\/portalmovil.com.ar\/index.php\/wp-json\/wp\/v2\/categories?post=37945"},{"taxonomy":"post_tag","embeddable":true,"href":"https:\/\/portalmovil.com.ar\/index.php\/wp-json\/wp\/v2\/tags?post=37945"}],"curies":[{"name":"wp","href":"https:\/\/api.w.org\/{rel}","templated":true}]}}