{"id":37821,"date":"2021-08-23T19:36:29","date_gmt":"2021-08-23T22:36:29","guid":{"rendered":"https:\/\/portalmovil.com.ar\/?p=37821"},"modified":"2021-08-23T19:36:32","modified_gmt":"2021-08-23T22:36:32","slug":"femicidio-en-moreno-asesinaron-a-botellazos-y-ladrillazos-a-una-joven","status":"publish","type":"post","link":"https:\/\/portalmovil.com.ar\/index.php\/2021\/08\/23\/femicidio-en-moreno-asesinaron-a-botellazos-y-ladrillazos-a-una-joven\/","title":{"rendered":"Femicidio en Moreno: asesinaron a botellazos y ladrillazos a una joven"},"content":{"rendered":"\n<p>La v\u00edctima a\u00fan no pudo ser identificada y presentaba m\u00faltiples traumatismos. Los investigadores creen que fue atacada por un hombre con el que hab\u00eda sido vista minutos antes del hecho.<\/p>\n\n\n\n<p>Una mujer fue asesinada a botellazos y ladrillazos, este lunes a la madrugada en el partido bonaerense de\u00a0Moreno\u00a0y se investiga si la atac\u00f3 un hombre con el que se la vio poco antes de ser descubierto el crimen y que est\u00e1 siendo intensamente buscado.<\/p>\n\n\n\n<p>El hallazgo se produjo frente a un sal\u00f3n de fiestas deshabitado, situado en calle Rivadavia, entre Concejal Rosset y Tucum\u00e1n, en dicho partido de la zona oeste del conurbano.<\/p>\n\n\n\n<figure class=\"wp-block-video\"><video controls src=\"https:\/\/media.minutouno.com\/adjuntos\/150\/videos\/039\/284\/0039284206.mp4\"><\/video><\/figure>\n\n\n\n<p>La polic\u00eda fue alertada con un llamado al 911, cuando el personal de la comisar\u00eda 1ra. de Moreno lleg\u00f3 al lugar se entrevist\u00f3 con la denunciante quien dijo\u00a0haber encontrado a una mujer tirada con el rostro ensangrentado frente a un local.<\/p>\n\n\n\n<p>Inmediatamente los efectivos se comunicaron con el Servicio de Atenci\u00f3n M\u00e9dica de Emergencias (SAME) y confirmaron que&nbsp;la v\u00edctima, de entre 30 y 40 a\u00f1os, estaba muerta y presentaba un fuerte traumatismo de cr\u00e1neo, signos de estrangulamiento por asfixia mec\u00e1nica y desfiguraci\u00f3n de la cara.<\/p>\n\n\n\n<p>En tanto, a trav\u00e9s de las im\u00e1genes registradas por distintas c\u00e1maras de seguridad los peritos lograron determinar que la mujer hab\u00eda sido vista junto a un hombre alrededor de las 5 en el jard\u00edn del sal\u00f3n de fiestas y, luego de una media hora, se observ\u00f3 al hombre salir solo de ese mismo lugar.<\/p>\n\n\n\n<p>De acuerdo a los m\u00e9dicos, la v\u00edctima, a\u00fan no identificada, presentaba tambi\u00e9n desprendimiento de cuero cabelludo, al tiempo que en la escena del crimen&nbsp;<strong>se secuestr\u00f3 una bolsa de arpillera con una baldosa ensangrentada con la que se cree golpearon a la mujer en la cabeza.<\/strong><\/p>\n\n\n\n<p>El hecho es investigado por el fiscal Gabriel Sebasti\u00e1n L\u00f3pez, de Moreno, quien dispuso los peritajes de rigor en la escena del crimen y la recepci\u00f3n de testimoniales para identificar a la v\u00edctima y localizar al agresor.<\/p>\n\n\n\n<figure class=\"wp-block-video\"><video controls src=\"https:\/\/media.minutouno.com\/adjuntos\/150\/videos\/039\/284\/0039284260.mp4\"><\/video><\/figure>\n\n\n\n<p>En las diligencias tambi\u00e9n interviene personal de Polic\u00eda Cient\u00edfica y de la Direcci\u00f3n Departamental de Investigaciones (DDI) Moreno-General Rodr\u00edguez.<\/p>\n\n\n\n<p><\/p>\n","protected":false},"excerpt":{"rendered":"<p>La v\u00edctima a\u00fan no pudo ser identificada y presentaba m\u00faltiples traumatismos. Los investigadores creen que fue atacada por un hombre con el que hab\u00eda sido vista minutos antes del hecho.<\/p>\n","protected":false},"author":2,"featured_media":37822,"comment_status":"open","ping_status":"open","sticky":false,"template":"","format":"standard","meta":{"_jetpack_memberships_contains_paid_content":false,"footnotes":"","jetpack_publicize_message":"","jetpack_publicize_feature_enabled":true,"jetpack_social_post_already_shared":true,"jetpack_social_options":{"image_generator_settings":{"template":"highway","default_image_id":0,"font":"","enabled":false},"version":2}},"categories":[3],"tags":[],"class_list":["post-37821","post","type-post","status-publish","format-standard","has-post-thumbnail","hentry","category-sociedad"],"jetpack_publicize_connections":[],"jetpack_featured_media_url":"https:\/\/portalmovil.com.ar\/wp-content\/uploads\/2021\/08\/femicidio-morenojpg-1.jpg","jetpack_sharing_enabled":true,"amp_enabled":true,"_links":{"self":[{"href":"https:\/\/portalmovil.com.ar\/index.php\/wp-json\/wp\/v2\/posts\/37821","targetHints":{"allow":["GET"]}}],"collection":[{"href":"https:\/\/portalmovil.com.ar\/index.php\/wp-json\/wp\/v2\/posts"}],"about":[{"href":"https:\/\/portalmovil.com.ar\/index.php\/wp-json\/wp\/v2\/types\/post"}],"author":[{"embeddable":true,"href":"https:\/\/portalmovil.com.ar\/index.php\/wp-json\/wp\/v2\/users\/2"}],"replies":[{"embeddable":true,"href":"https:\/\/portalmovil.com.ar\/index.php\/wp-json\/wp\/v2\/comments?post=37821"}],"version-history":[{"count":1,"href":"https:\/\/portalmovil.com.ar\/index.php\/wp-json\/wp\/v2\/posts\/37821\/revisions"}],"predecessor-version":[{"id":37823,"href":"https:\/\/portalmovil.com.ar\/index.php\/wp-json\/wp\/v2\/posts\/37821\/revisions\/37823"}],"wp:featuredmedia":[{"embeddable":true,"href":"https:\/\/portalmovil.com.ar\/index.php\/wp-json\/wp\/v2\/media\/37822"}],"wp:attachment":[{"href":"https:\/\/portalmovil.com.ar\/index.php\/wp-json\/wp\/v2\/media?parent=37821"}],"wp:term":[{"taxonomy":"category","embeddable":true,"href":"https:\/\/portalmovil.com.ar\/index.php\/wp-json\/wp\/v2\/categories?post=37821"},{"taxonomy":"post_tag","embeddable":true,"href":"https:\/\/portalmovil.com.ar\/index.php\/wp-json\/wp\/v2\/tags?post=37821"}],"curies":[{"name":"wp","href":"https:\/\/api.w.org\/{rel}","templated":true}]}}