{"id":3773,"date":"2020-03-20T22:32:12","date_gmt":"2020-03-21T01:32:12","guid":{"rendered":"http:\/\/portalmovil.com.ar\/?p=3773"},"modified":"2020-03-20T22:32:16","modified_gmt":"2020-03-21T01:32:16","slug":"coronavirus-se-detectaron-30-nuevos-casos-uno-de-ellos-en-chaco","status":"publish","type":"post","link":"https:\/\/portalmovil.com.ar\/index.php\/2020\/03\/20\/coronavirus-se-detectaron-30-nuevos-casos-uno-de-ellos-en-chaco\/","title":{"rendered":"Coronavirus: se detectaron 30 nuevos casos, uno de ellos en Chaco"},"content":{"rendered":"\n<p>Los casos confirmados son 1 de Chaco, 9 en provincia de Buenos Aires y 9 en la Ciudad. Tambi\u00e9n detectaron 4 en C\u00f3rdoba, 1 en Tierra del Fuego, 1 en Entre R\u00edos, 1 en San Luis, 1 en Corrientes, 2 en Neuqu\u00e9n y 1 en Santiago del Estero.<\/p>\n\n\n\n<p>Durante la primera jornada del aislamiento social obligatorio, el Ministerio de Salud de la Naci\u00f3n confirm\u00f3 30 nuevos casos de coronavirus y la cifra total de infectados aument\u00f3 a 158 en todo el pa\u00eds.<\/p>\n\n\n\n<p>Seg\u00fan en informe, 22 de los nuevos casos corresponden a personas con antecedentes de viaje a zonas de riesgo. Mientras que otros 4 tuvieron contacto estrecho con alguno de los casos ya confirmados. Los 4 restantes se encuentran en investigaci\u00f3n para determinar el antecedente epidemiol\u00f3gico.<\/p>\n\n\n\n<p>Como ocurri\u00f3 hasta el momento, la mayor cantidad de casos se registr\u00f3 en el \u00e1rea metropolitana: hubo 9 en provincia de Buenos Aires y 9 en la Ciudad. Tambi\u00e9n detectaron 4 en C\u00f3rdoba, 1 en Chaco, 1 en Tierra del Fuego, 1 en Entre R\u00edos, 1 en San Luis, 1 en Corrientes, 2 en Neuqu\u00e9n y 1 en Santiago del Estero.<\/p>\n\n\n\n<p>Este viernes fue el primer d\u00eda bajo cuarentena total en todo el pa\u00eds. La medida fue anunciada anoche por el presidente Alberto Fern\u00e1ndez tras una reuni\u00f3n con todos los gobernadores.<\/p>\n\n\n\n<p>\u201cNadie puede moverse de su residencia, todos tienen que quedarse en sus casas\u201d, expres\u00f3 el Presidente. Adem\u00e1s, estableci\u00f3 el adelantamiento del feriado del 2 de abril para el 31 de marzo y que el 30 de marzo ser\u00e1 feriado puente.<\/p>\n\n\n\n<p>Dijo tambi\u00e9n que la Prefectura, Gendarmer\u00eda, la Polic\u00eda Federal y las Polic\u00edas provinciales van a controlar la circulaci\u00f3n por las calles. \u201cVamos a ser absolutamente inflexibles\u201d, advirti\u00f3.<\/p>\n\n\n\n<p>Hasta el momento se produjeron tres muertes. El 7 de marzo falleci\u00f3 un hombre de 64 a\u00f1os, que estaba internado en el Hospital Argerich; y el 13 de marzo muri\u00f3 otro hombre de 61 a\u00f1os que estaba internado en una cl\u00ednica privada de Resistencia, Chaco. El mi\u00e9rcoles pasado, se confirm\u00f3 el tercer muerto: un hombre de 64 a\u00f1os que se encontraba internado en el Instituto Argentino del Diagn\u00f3stico, de la Ciudad Aut\u00f3noma de Buenos Aires.<\/p>\n","protected":false},"excerpt":{"rendered":"<p>Los casos confirmados son 1 de Chaco, 9 en provincia de Buenos Aires y 9 en la Ciudad. Tambi\u00e9n detectaron 4 en C\u00f3rdoba, 1 en Tierra del Fuego, 1 en Entre R\u00edos, 1 en San Luis, 1 en Corrientes, 2 en Neuqu\u00e9n y 1 en Santiago del Estero. Durante la primera jornada del aislamiento social &hellip;<\/p>\n","protected":false},"author":2,"featured_media":3774,"comment_status":"open","ping_status":"open","sticky":false,"template":"","format":"standard","meta":{"_jetpack_memberships_contains_paid_content":false,"footnotes":"","jetpack_publicize_message":"","jetpack_publicize_feature_enabled":true,"jetpack_social_post_already_shared":true,"jetpack_social_options":{"image_generator_settings":{"template":"highway","default_image_id":0,"font":"","enabled":false},"version":2}},"categories":[5,12],"tags":[],"class_list":["post-3773","post","type-post","status-publish","format-standard","has-post-thumbnail","hentry","category-chaco","category-ultimo"],"jetpack_publicize_connections":[],"jetpack_featured_media_url":"https:\/\/portalmovil.com.ar\/wp-content\/uploads\/2020\/03\/coronavirus-argentina-2.jpg","jetpack_sharing_enabled":true,"amp_enabled":true,"_links":{"self":[{"href":"https:\/\/portalmovil.com.ar\/index.php\/wp-json\/wp\/v2\/posts\/3773","targetHints":{"allow":["GET"]}}],"collection":[{"href":"https:\/\/portalmovil.com.ar\/index.php\/wp-json\/wp\/v2\/posts"}],"about":[{"href":"https:\/\/portalmovil.com.ar\/index.php\/wp-json\/wp\/v2\/types\/post"}],"author":[{"embeddable":true,"href":"https:\/\/portalmovil.com.ar\/index.php\/wp-json\/wp\/v2\/users\/2"}],"replies":[{"embeddable":true,"href":"https:\/\/portalmovil.com.ar\/index.php\/wp-json\/wp\/v2\/comments?post=3773"}],"version-history":[{"count":1,"href":"https:\/\/portalmovil.com.ar\/index.php\/wp-json\/wp\/v2\/posts\/3773\/revisions"}],"predecessor-version":[{"id":3775,"href":"https:\/\/portalmovil.com.ar\/index.php\/wp-json\/wp\/v2\/posts\/3773\/revisions\/3775"}],"wp:featuredmedia":[{"embeddable":true,"href":"https:\/\/portalmovil.com.ar\/index.php\/wp-json\/wp\/v2\/media\/3774"}],"wp:attachment":[{"href":"https:\/\/portalmovil.com.ar\/index.php\/wp-json\/wp\/v2\/media?parent=3773"}],"wp:term":[{"taxonomy":"category","embeddable":true,"href":"https:\/\/portalmovil.com.ar\/index.php\/wp-json\/wp\/v2\/categories?post=3773"},{"taxonomy":"post_tag","embeddable":true,"href":"https:\/\/portalmovil.com.ar\/index.php\/wp-json\/wp\/v2\/tags?post=3773"}],"curies":[{"name":"wp","href":"https:\/\/api.w.org\/{rel}","templated":true}]}}