{"id":37597,"date":"2021-08-20T21:00:22","date_gmt":"2021-08-21T00:00:22","guid":{"rendered":"https:\/\/portalmovil.com.ar\/?p=37597"},"modified":"2021-08-20T21:00:25","modified_gmt":"2021-08-21T00:00:25","slug":"vuelve-el-publico-a-las-canchas-de-futbol-a-fines-de-septiembre","status":"publish","type":"post","link":"https:\/\/portalmovil.com.ar\/index.php\/2021\/08\/20\/vuelve-el-publico-a-las-canchas-de-futbol-a-fines-de-septiembre\/","title":{"rendered":"Vuelve el p\u00fablico a las canchas de f\u00fatbol a fines de septiembre"},"content":{"rendered":"\n<p class=\"wp-block-paragraph\">Lo afirm\u00f3 el ministro de Turismo y Deportes en declaraciones radiales y a\u00f1adi\u00f3 que en los pr\u00f3ximos d\u00edas mantendr\u00e1 reuniones con autoridades de AFA y la Liga Profesional para precisar la agenda. La idea es comenzar con un aforo de 30%.<\/p>\n\n\n\n<p class=\"wp-block-paragraph\">El ministro de Turismo y Deportes de la Naci\u00f3n, Mat\u00edas&nbsp;<strong>Lammens, adelant\u00f3 este viernes que \u00aba fines de septiembre habr\u00e1 p\u00fablico en las canchas de f\u00fatbol\u00bb,<\/strong>&nbsp;y record\u00f3 que los detalles se ajustar\u00e1n en la reuni\u00f3n que mantendr\u00e1 en los pr\u00f3ximos d\u00edas con autoridades de la AFA y la Liga Profesional (LPF).<\/p>\n\n\n\n<p class=\"wp-block-paragraph\">\u00abEl regreso de los hinchas al f\u00fatbol est\u00e1 cerca. A fines de septiembre volver\u00e1 el p\u00fablico a las canchas\u00bb, afirm\u00f3 Lammens en declaraciones a Radio La Red.<\/p>\n\n\n\n<blockquote class=\"wp-block-quote quote-solid is-layout-flow wp-block-quote quote-solid-is-layout-flow\"><p>\u00abLa idea es comenzar con un aforo determinado que podr\u00eda ser del 30% y luego gradualmente se ir\u00e1 incrementado a medida que mejore la situaci\u00f3n sanitaria\u00bb<\/p><\/blockquote>\n\n\n\n<p class=\"wp-block-paragraph\">El funcionario explic\u00f3 que mantuvo reuniones con el jefe de Gabinete, Santiago Cafiero, y tambi\u00e9n con la ministra de Salud, Carla Vizzotti, en la que se trat\u00f3 el tema de la vuelta de los espectadores a los eventos deportivos, algo que no se da desde marzo de 2020 a ra\u00edz de la pandemia de coronavirus.<\/p>\n\n\n\n<p class=\"wp-block-paragraph\">\u00abEs una de las cuestiones que tratamos con el jefe de Gabinete y la ministra de Salud.&nbsp;<strong>La idea es comenzar con un aforo determinado que podr\u00eda ser del 30% y luego gradualmente se ir\u00e1 incrementado a medida que mejore la situaci\u00f3n sanitaria\u00bb<\/strong>, a\u00f1adi\u00f3 Lammens.<\/p>\n\n\n\n<p class=\"wp-block-paragraph\"><strong>El ex presidente de San Lorenzo record\u00f3 que mantendr\u00e1 una reuni\u00f3n con AFA y LPF en la que les pedir\u00e1 que elaboren un protocolo especial para cada uno de los estadios<\/strong>&nbsp;y que no est\u00e1 en los planes solicitar la vacunaci\u00f3n o un carnet sanitario para ingresar a las tribunas aunque \u00abes una posibilidad\u00bb.<\/p>\n\n\n\n<p class=\"wp-block-paragraph\">\u00abEl buen ritmo de vacunaci\u00f3n que estamos teniendo es lo que nos permite pensar en esto\u00bb, destac\u00f3 finalmente Lammens.<\/p>\n\n\n\n<figure class=\"wp-block-image size-large\"><img loading=\"lazy\" decoding=\"async\" width=\"1004\" height=\"565\" src=\"https:\/\/portalmovil.com.ar\/wp-content\/uploads\/2021\/08\/60d4fc8fea28c_1004x565.jpg\" alt=\"\" class=\"wp-image-37602\" srcset=\"https:\/\/portalmovil.com.ar\/wp-content\/uploads\/2021\/08\/60d4fc8fea28c_1004x565.jpg 1004w, https:\/\/portalmovil.com.ar\/wp-content\/uploads\/2021\/08\/60d4fc8fea28c_1004x565-300x169.jpg 300w, https:\/\/portalmovil.com.ar\/wp-content\/uploads\/2021\/08\/60d4fc8fea28c_1004x565-768x432.jpg 768w\" sizes=\"auto, (max-width: 1004px) 100vw, 1004px\" \/><\/figure>\n","protected":false},"excerpt":{"rendered":"<p>Lo afirm\u00f3 el ministro de Turismo y Deportes en declaraciones radiales y a\u00f1adi\u00f3 que en los pr\u00f3ximos d\u00edas mantendr\u00e1 reuniones con autoridades de AFA y la Liga Profesional para precisar la agenda. La idea es comenzar con un aforo de 30%.<\/p>\n","protected":false},"author":2,"featured_media":37603,"comment_status":"open","ping_status":"open","sticky":false,"template":"","format":"standard","meta":{"_jetpack_newsletter_access":"","_jetpack_dont_email_post_to_subs":false,"_jetpack_newsletter_tier_id":0,"_jetpack_memberships_contains_paywalled_content":false,"_jetpack_feature_clip_id":0,"_jetpack_memberships_contains_paid_content":false,"footnotes":"","jetpack_publicize_message":"","jetpack_publicize_feature_enabled":true,"jetpack_social_post_already_shared":true,"jetpack_social_options":{"image_generator_settings":{"template":"highway","default_image_id":0,"font":"","enabled":false},"version":2},"jetpack_post_was_ever_published":false},"categories":[3],"tags":[],"class_list":["post-37597","post","type-post","status-publish","format-standard","has-post-thumbnail","hentry","category-sociedad"],"jetpack_publicize_connections":[],"jetpack_sharing_enabled":true,"amp_enabled":true,"jetpack_featured_media_url":"https:\/\/portalmovil.com.ar\/wp-content\/uploads\/2021\/08\/hinchas-e1629500906468.jpg","_links":{"self":[{"href":"https:\/\/portalmovil.com.ar\/index.php\/wp-json\/wp\/v2\/posts\/37597","targetHints":{"allow":["GET"]}}],"collection":[{"href":"https:\/\/portalmovil.com.ar\/index.php\/wp-json\/wp\/v2\/posts"}],"about":[{"href":"https:\/\/portalmovil.com.ar\/index.php\/wp-json\/wp\/v2\/types\/post"}],"author":[{"embeddable":true,"href":"https:\/\/portalmovil.com.ar\/index.php\/wp-json\/wp\/v2\/users\/2"}],"replies":[{"embeddable":true,"href":"https:\/\/portalmovil.com.ar\/index.php\/wp-json\/wp\/v2\/comments?post=37597"}],"version-history":[{"count":1,"href":"https:\/\/portalmovil.com.ar\/index.php\/wp-json\/wp\/v2\/posts\/37597\/revisions"}],"predecessor-version":[{"id":37604,"href":"https:\/\/portalmovil.com.ar\/index.php\/wp-json\/wp\/v2\/posts\/37597\/revisions\/37604"}],"wp:featuredmedia":[{"embeddable":true,"href":"https:\/\/portalmovil.com.ar\/index.php\/wp-json\/wp\/v2\/media\/37603"}],"wp:attachment":[{"href":"https:\/\/portalmovil.com.ar\/index.php\/wp-json\/wp\/v2\/media?parent=37597"}],"wp:term":[{"taxonomy":"category","embeddable":true,"href":"https:\/\/portalmovil.com.ar\/index.php\/wp-json\/wp\/v2\/categories?post=37597"},{"taxonomy":"post_tag","embeddable":true,"href":"https:\/\/portalmovil.com.ar\/index.php\/wp-json\/wp\/v2\/tags?post=37597"}],"curies":[{"name":"wp","href":"https:\/\/api.w.org\/{rel}","templated":true}]}}