{"id":3734,"date":"2020-03-20T09:44:18","date_gmt":"2020-03-20T12:44:18","guid":{"rendered":"http:\/\/portalmovil.com.ar\/?p=3734"},"modified":"2020-03-20T09:44:24","modified_gmt":"2020-03-20T12:44:24","slug":"cristina-fernandez-anuncio-que-regresa-al-pais-junto-a-su-hija-florencia-desde-cuba","status":"publish","type":"post","link":"https:\/\/portalmovil.com.ar\/index.php\/2020\/03\/20\/cristina-fernandez-anuncio-que-regresa-al-pais-junto-a-su-hija-florencia-desde-cuba\/","title":{"rendered":"Cristina Fern\u00e1ndez anunci\u00f3 que regresa al pa\u00eds junto a su hija Florencia desde Cuba"},"content":{"rendered":"\n<p>La vicepresidenta<strong>\u00a0Cristina Kirchner\u00a0<\/strong>anunci\u00f3 que en unas horas regresar\u00e1 a Buenos Aires proveniente de\u00a0<strong>Cuba\u00a0<\/strong>junto a su hija\u00a0<strong>Florencia<\/strong>, quien se encontraba en la isla caribe\u00f1a bajo tratamiento m\u00e9dico desde febrero del a\u00f1o pasado.<\/p>\n\n\n\n<p>La exmandataria llegar\u00e1 al pa\u00eds en medio del\u00a0\u201caislamiento social, preventivo y obligatorio\u201d\u00a0dispuesto este jueves\u00a0por el presidente Alberto Fern\u00e1ndez con el acuerdo de los gobernadores, que comenz\u00f3 a regir en el primer minuto de este viernes\u00a0y se extender\u00e1 hasta el pr\u00f3ximo 31 de marzo, con el fin de mitigar la expansi\u00f3n de la pandemia de coronavirus en todo el pa\u00eds.<\/p>\n\n\n\n<p><strong>\u201cEn unas horas m\u00e1s, regresar\u00e9 a Buenos Aires en el vuelo semanal de Cubana de Aviaci\u00f3n con mi hija Florencia\u201d<\/strong>, anunci\u00f3 la expresidenta en su cuenta de Twitter.<\/p>\n\n\n\n<figure class=\"wp-block-embed-twitter wp-block-embed is-type-rich is-provider-twitter\"><div class=\"wp-block-embed__wrapper\">\n<div class=\"embed-twitter\"><blockquote class=\"twitter-tweet\" data-width=\"500\" data-dnt=\"true\"><p lang=\"es\" dir=\"ltr\">En unas horas m\u00e1s, regresar\u00e9 a Buenos Aires en el vuelo semanal de Cubana de Aviaci\u00f3n con mi hija Florencia.<\/p>&mdash; Cristina Kirchner (@CFKArgentina) <a href=\"https:\/\/twitter.com\/CFKArgentina\/status\/1240941431419809794?ref_src=twsrc%5Etfw\">March 20, 2020<\/a><\/blockquote><script async src=\"https:\/\/platform.twitter.com\/widgets.js\" charset=\"utf-8\"><\/script><\/div>\n<\/div><\/figure>\n\n\n\n<figure class=\"wp-block-embed-twitter wp-block-embed is-type-rich is-provider-twitter\"><div class=\"wp-block-embed__wrapper\">\n<div class=\"embed-twitter\"><blockquote class=\"twitter-tweet\" data-width=\"500\" data-dnt=\"true\"><p lang=\"es\" dir=\"ltr\">Esa Cuba que estuvo junto a m\u00ed en un momento muy dif\u00edcil de mi vida, que le tendi\u00f3 su mano a mi hija sin especulaciones y que la cuid\u00f3 y protegi\u00f3 cuando la feroz persecuci\u00f3n medi\u00e1tica y judicial da\u00f1\u00f3 severamente su salud.<\/p>&mdash; Cristina Kirchner (@CFKArgentina) <a href=\"https:\/\/twitter.com\/CFKArgentina\/status\/1240941440181682176?ref_src=twsrc%5Etfw\">March 20, 2020<\/a><\/blockquote><script async src=\"https:\/\/platform.twitter.com\/widgets.js\" charset=\"utf-8\"><\/script><\/div>\n<\/div><\/figure>\n\n\n\n<p>\u00abElla junto a sus m\u00e9dicos y sus m\u00e9dicas, lograron restablecer parte de su salud perdida y hace un tiempo vienen trabajando su regreso a casa. Pero ya se sabe, nada es tan sencillo. Por eso Flor me pidi\u00f3 que la venga a buscar para ayudarla? sent\u00eda que sola no iba a poder\u00bb, agreg\u00f3 la Vicepresidenta en una serie de tuits publicados hace minutos.<\/p>\n\n\n\n<p>En ese marco, indic\u00f3 que \u00absi bien Cuba no es un pa\u00eds de riesgo, al llegar cumplir\u00e9 con los 14 d\u00edas de aislamiento\u00bb y agreg\u00f3: \u00abLes quiero pedir que hagan lo mismo, que se cuiden y que cuiden a los dem\u00e1s respetando el aislamiento preventivo en sus casas\u00bb.<\/p>\n\n\n\n<p>Florencia Kirchner viaj\u00f3 a Cuba en febrero del 2019 para hacer un curso de gui\u00f3n cinematogr\u00e1fico pero, durante su estad\u00eda, pidi\u00f3 permiso para demorar su regreso y someterse a un tratamiento de salud a ra\u00edz de un trastorno de un estr\u00e9s postraum\u00e1tico, de acuerdo a lo informado por su madre y sus abogados ante la justicia.<\/p>\n","protected":false},"excerpt":{"rendered":"<p>La vicepresidenta\u00a0Cristina Kirchner\u00a0anunci\u00f3 que en unas horas regresar\u00e1 a Buenos Aires proveniente de\u00a0Cuba\u00a0junto a su hija\u00a0Florencia, quien se encontraba en la isla caribe\u00f1a bajo tratamiento m\u00e9dico desde febrero del a\u00f1o pasado. La exmandataria llegar\u00e1 al pa\u00eds en medio del\u00a0\u201caislamiento social, preventivo y obligatorio\u201d\u00a0dispuesto este jueves\u00a0por el presidente Alberto Fern\u00e1ndez con el acuerdo de los gobernadores, &hellip;<\/p>\n","protected":false},"author":2,"featured_media":3736,"comment_status":"open","ping_status":"open","sticky":false,"template":"","format":"standard","meta":{"_jetpack_memberships_contains_paid_content":false,"footnotes":"","jetpack_publicize_message":"","jetpack_publicize_feature_enabled":true,"jetpack_social_post_already_shared":true,"jetpack_social_options":{"image_generator_settings":{"template":"highway","default_image_id":0,"font":"","enabled":false},"version":2}},"categories":[3],"tags":[],"class_list":["post-3734","post","type-post","status-publish","format-standard","has-post-thumbnail","hentry","category-sociedad"],"jetpack_publicize_connections":[],"jetpack_featured_media_url":"https:\/\/portalmovil.com.ar\/wp-content\/uploads\/2020\/03\/20200316195537_41891849_0_body-768x479-2.jpg","jetpack_sharing_enabled":true,"amp_enabled":true,"_links":{"self":[{"href":"https:\/\/portalmovil.com.ar\/index.php\/wp-json\/wp\/v2\/posts\/3734","targetHints":{"allow":["GET"]}}],"collection":[{"href":"https:\/\/portalmovil.com.ar\/index.php\/wp-json\/wp\/v2\/posts"}],"about":[{"href":"https:\/\/portalmovil.com.ar\/index.php\/wp-json\/wp\/v2\/types\/post"}],"author":[{"embeddable":true,"href":"https:\/\/portalmovil.com.ar\/index.php\/wp-json\/wp\/v2\/users\/2"}],"replies":[{"embeddable":true,"href":"https:\/\/portalmovil.com.ar\/index.php\/wp-json\/wp\/v2\/comments?post=3734"}],"version-history":[{"count":1,"href":"https:\/\/portalmovil.com.ar\/index.php\/wp-json\/wp\/v2\/posts\/3734\/revisions"}],"predecessor-version":[{"id":3737,"href":"https:\/\/portalmovil.com.ar\/index.php\/wp-json\/wp\/v2\/posts\/3734\/revisions\/3737"}],"wp:featuredmedia":[{"embeddable":true,"href":"https:\/\/portalmovil.com.ar\/index.php\/wp-json\/wp\/v2\/media\/3736"}],"wp:attachment":[{"href":"https:\/\/portalmovil.com.ar\/index.php\/wp-json\/wp\/v2\/media?parent=3734"}],"wp:term":[{"taxonomy":"category","embeddable":true,"href":"https:\/\/portalmovil.com.ar\/index.php\/wp-json\/wp\/v2\/categories?post=3734"},{"taxonomy":"post_tag","embeddable":true,"href":"https:\/\/portalmovil.com.ar\/index.php\/wp-json\/wp\/v2\/tags?post=3734"}],"curies":[{"name":"wp","href":"https:\/\/api.w.org\/{rel}","templated":true}]}}