{"id":37167,"date":"2021-08-17T13:49:57","date_gmt":"2021-08-17T16:49:57","guid":{"rendered":"https:\/\/portalmovil.com.ar\/?p=37167"},"modified":"2021-08-17T13:50:00","modified_gmt":"2021-08-17T16:50:00","slug":"messi-integro-el-equipo-ganador-de-la-practica-de-psg","status":"publish","type":"post","link":"https:\/\/portalmovil.com.ar\/index.php\/2021\/08\/17\/messi-integro-el-equipo-ganador-de-la-practica-de-psg\/","title":{"rendered":"Messi integr\u00f3 el equipo \u00abganador\u00bb de la pr\u00e1ctica de PSG"},"content":{"rendered":"\n<p>Lionel Messi integr\u00f3 este martes el equipo \u00abganador\u00bb de la pr\u00e1ctica de Par\u00eds Saint Germain mientras intensifica su preparaci\u00f3n para el debut que podr\u00eda darse el pr\u00f3ximo viernes ante Brest, como visitante.<\/p>\n\n\n\n<p>En el segundo entrenamiento de la semana, el crack rosarino volvi\u00f3 a trabajar a la par del grupo y fue uno de los \u00abganadores del d\u00eda\u00bb, seg\u00fan public\u00f3 la cuenta oficial del club franc\u00e9s.<\/p>\n\n\n\n<p>El nuevo n\u00famero 30 de PSG comparti\u00f3 el equipo ganador de la jornada junto al franc\u00e9s Kylian Mbapp\u00e9, el brasile\u00f1o Neymar, el alem\u00e1n Julian Draxler, \u00c1ngel Di Mar\u00eda y el arquero costarricense Keylor Navas.<\/p>\n\n\n\n<p>En los videos difundidos por los canales oficiales del club se puede observar que Messi comparti\u00f3 el ejercicio de dos atacantes contra dos defensores con Mbapp\u00e9 y se lucieron con goles y asistencias.<\/p>\n\n\n\n<p>En la pr\u00e1ctica del lunes, el exBarcelona tambi\u00e9n se hab\u00eda destacado en un trabajo de f\u00fatbol en espacios reducidos y en Francia se especula con la posibilidad de que pueda tener sus primeros minutos en el partido del viernes ante Brest, como visitante, por la tercera fecha de la Liga 1.<\/p>\n\n\n\n<p>La otra posibilidad es que el DT Mauricio Pochettino no lo exija y lo reserve para el compromiso del 29 de agosto ante Reims, tambi\u00e9n como visitante.<\/p>\n\n\n\n<p>Luego, el capit\u00e1n del seleccionado argentino se sumar\u00e1 al equipo conducido por Lionel Scaloni para afrontar la triple fecha de Eliminatorias Sudamericanas para el Mundial de Qatar 2022.<\/p>\n","protected":false},"excerpt":{"rendered":"<p>Lionel Messi integr\u00f3 este martes el equipo \u00abganador\u00bb de la pr\u00e1ctica de Par\u00eds Saint Germain mientras intensifica su preparaci\u00f3n para el debut que podr\u00eda darse el pr\u00f3ximo viernes ante Brest, como visitante. En el segundo entrenamiento de la semana, el crack rosarino volvi\u00f3 a trabajar a la par del grupo y fue uno de los &hellip;<\/p>\n","protected":false},"author":2,"featured_media":37168,"comment_status":"open","ping_status":"open","sticky":false,"template":"","format":"standard","meta":{"_jetpack_memberships_contains_paid_content":false,"footnotes":"","jetpack_publicize_message":"","jetpack_publicize_feature_enabled":true,"jetpack_social_post_already_shared":true,"jetpack_social_options":{"image_generator_settings":{"template":"highway","default_image_id":0,"font":"","enabled":false},"version":2}},"categories":[15,17],"tags":[],"class_list":["post-37167","post","type-post","status-publish","format-standard","has-post-thumbnail","hentry","category-deportes","category-mundo"],"jetpack_publicize_connections":[],"jetpack_featured_media_url":"https:\/\/portalmovil.com.ar\/wp-content\/uploads\/2021\/08\/20210817_134751.jpg","jetpack_sharing_enabled":true,"amp_enabled":true,"_links":{"self":[{"href":"https:\/\/portalmovil.com.ar\/index.php\/wp-json\/wp\/v2\/posts\/37167","targetHints":{"allow":["GET"]}}],"collection":[{"href":"https:\/\/portalmovil.com.ar\/index.php\/wp-json\/wp\/v2\/posts"}],"about":[{"href":"https:\/\/portalmovil.com.ar\/index.php\/wp-json\/wp\/v2\/types\/post"}],"author":[{"embeddable":true,"href":"https:\/\/portalmovil.com.ar\/index.php\/wp-json\/wp\/v2\/users\/2"}],"replies":[{"embeddable":true,"href":"https:\/\/portalmovil.com.ar\/index.php\/wp-json\/wp\/v2\/comments?post=37167"}],"version-history":[{"count":1,"href":"https:\/\/portalmovil.com.ar\/index.php\/wp-json\/wp\/v2\/posts\/37167\/revisions"}],"predecessor-version":[{"id":37169,"href":"https:\/\/portalmovil.com.ar\/index.php\/wp-json\/wp\/v2\/posts\/37167\/revisions\/37169"}],"wp:featuredmedia":[{"embeddable":true,"href":"https:\/\/portalmovil.com.ar\/index.php\/wp-json\/wp\/v2\/media\/37168"}],"wp:attachment":[{"href":"https:\/\/portalmovil.com.ar\/index.php\/wp-json\/wp\/v2\/media?parent=37167"}],"wp:term":[{"taxonomy":"category","embeddable":true,"href":"https:\/\/portalmovil.com.ar\/index.php\/wp-json\/wp\/v2\/categories?post=37167"},{"taxonomy":"post_tag","embeddable":true,"href":"https:\/\/portalmovil.com.ar\/index.php\/wp-json\/wp\/v2\/tags?post=37167"}],"curies":[{"name":"wp","href":"https:\/\/api.w.org\/{rel}","templated":true}]}}