{"id":37139,"date":"2021-08-17T10:09:25","date_gmt":"2021-08-17T13:09:25","guid":{"rendered":"https:\/\/portalmovil.com.ar\/?p=37139"},"modified":"2021-08-17T10:09:28","modified_gmt":"2021-08-17T13:09:28","slug":"el-gobierno-establecio-el-regreso-a-la-presencialidad-de-los-trabajadores-publicos","status":"publish","type":"post","link":"https:\/\/portalmovil.com.ar\/index.php\/2021\/08\/17\/el-gobierno-establecio-el-regreso-a-la-presencialidad-de-los-trabajadores-publicos\/","title":{"rendered":"El Gobierno estableci\u00f3 el regreso a la presencialidad de los trabajadores p\u00fablicos"},"content":{"rendered":"\n<p>El Gobierno estableci\u00f3 el regreso al trabajo presencial de los trabajadores p\u00fablicos que hayan recibido al menos la primera dosis de la vacuna contra el coronavirus y tambi\u00e9n de aquellos que tengan decidido no inmunizarse.<\/p>\n\n\n\n<p>A trav\u00e9s de la Resoluci\u00f3n 91\/2021, publicada este martes en el Bolet\u00edn Oficial, la secretaria de Gesti\u00f3n y Empleo P\u00fablico, Ana Gabriela Castellani, precis\u00f3 que \u00abser\u00e1n convocables al retorno a la actividad laboral presencial los trabajadores que hubieren recibido al menos la primera dosis de cualquiera de las vacunas destinadas a generar inmunidad adquirida contra el COVID-19 autorizadas para su uso en la Rep\u00fablica Argentina, independientemente de la edad y la condici\u00f3n de riesgo, transcurridos 14 d\u00edas de la inoculaci\u00f3n\u00bb.<\/p>\n\n\n\n<p>Cada \u00e1rea de Recursos Humanos \u00abdeber\u00e1 solicitar a los convocados el Certificado de Vacunaci\u00f3n, al cual podr\u00e1n acceder desde la aplicaci\u00f3n Mi Argentina\u00bb. Sin embargo, \u00abaquellos que hayan optado por no inocularse, deber\u00e1n actuar de buena fe, dirigi\u00e9ndose al Departamento de Sanidad (o su equivalente en cada organismo), a fin de obtener informaci\u00f3n sobre la vacuna en cuesti\u00f3n\u00bb.<\/p>\n\n\n\n<p>\u00abDe continuar con la decisi\u00f3n de no vacunarse, deber\u00e1n firmar una nota con car\u00e1cter de Declaraci\u00f3n Jurada, expresando los motivos de su decisi\u00f3n y comprometi\u00e9ndose a tomar todos los recaudos necesarios para evitar los perjuicios que su decisi\u00f3n pudiere ocasionar al normal desempe\u00f1o del equipo de trabajo al cual pertenece, debiendo ser convocados a la prestaci\u00f3n presencial de labores\u00bb, remarc\u00f3 el texto difundido.<\/p>\n\n\n\n<p>El regreso a las oficinas deber\u00e1 ser informado por los superiores \u00abpor lo menos 72 horas h\u00e1biles antes de su efectivo cumplimiento\u00bb. De la medida est\u00e1n exceptuados las embarazadas, las personas con inmunodeficiencias y los pacientes oncol\u00f3gicos y trasplantados.<\/p>\n\n\n\n<p>La resoluci\u00f3n de la Jefatura de Gabinete se\u00f1al\u00f3 que cuando sea necesaria la alternancia de la modalidad presencial para poder cumplir con el protocolo vigente en cada \u00e1rea estar\u00e1 justificado el trabajo remoto. Al momento de establecer los per\u00edodos de alternancia entre presencialidad y trabajo remoto, deber\u00e1n contemplarse las situaciones de las madres, padres, encargados o tutores de ni\u00f1as y ni\u00f1os de hasta 13 a\u00f1os inclusive, que asistan alternadamente a los establecimientos educativos.<\/p>\n\n\n\n<p>Asimismo, se indic\u00f3 que el trabajo remoto podr\u00e1 disponerse \u00aba tiempo parcial\u00bb: \u00abLa prestaci\u00f3n de servicios de car\u00e1cter presencial a tiempo parcial no podr\u00e1 disponerse por fracciones inferiores al 50% de la jornada normal, habitual y permanente dispuesta para la categor\u00eda de revista de cada agente\u00bb. Tambi\u00e9n se fij\u00f3 que los empleados no podr\u00e1n realizar sus tareas a distancia desde domicilios que superen los 100 kil\u00f3metros del lugar de residencia declarados en sus legajos.<\/p>\n\n\n\n<p>Los trabajadores estatales que cumplan con la presencialidad requerida \u00abser\u00e1n pasibles de las sanciones que correspondan de conformidad con el r\u00e9gimen disciplinario aplicables\u00bb, advirti\u00f3 el Gobierno.<\/p>\n\n\n\n<p>A fines de junio, el secretario general de ATE Capital, Daniel Catalano, hab\u00eda cuestionado la decisi\u00f3n del Gobierno de intentar establecer el regreso al trabajo presencial de los empleados p\u00fablicos que hayan recibido al menos una dosis de la vacuna contra el coronavirus. \u00abAvanzar en este marco es bastante complicado. Los edificios p\u00fablicos no est\u00e1n preparados para recibirnos. No hay ventilaci\u00f3n, no hay personal capacitado para garantizar el marco de higiene, es todo parte de un protocolo que hay que ir construyendo\u00bb, hab\u00eda se\u00f1alado el dirigente gremial en di\u00e1logo con Caballero de D\u00eda, el programa que conduce Roberto Caballero en <strong><em>La990.<\/em><\/strong><\/p>\n","protected":false},"excerpt":{"rendered":"<p>El Gobierno estableci\u00f3 el regreso al trabajo presencial de los trabajadores p\u00fablicos que hayan recibido al menos la primera dosis de la vacuna contra el coronavirus y tambi\u00e9n de aquellos que tengan decidido no inmunizarse. A trav\u00e9s de la Resoluci\u00f3n 91\/2021, publicada este martes en el Bolet\u00edn Oficial, la secretaria de Gesti\u00f3n y Empleo P\u00fablico, &hellip;<\/p>\n","protected":false},"author":2,"featured_media":37140,"comment_status":"open","ping_status":"open","sticky":false,"template":"","format":"standard","meta":{"_jetpack_memberships_contains_paid_content":false,"footnotes":"","jetpack_publicize_message":"","jetpack_publicize_feature_enabled":true,"jetpack_social_post_already_shared":true,"jetpack_social_options":{"image_generator_settings":{"template":"highway","default_image_id":0,"font":"","enabled":false},"version":2}},"categories":[28,639],"tags":[],"class_list":["post-37139","post","type-post","status-publish","format-standard","has-post-thumbnail","hentry","category-actualidad","category-argentina"],"jetpack_publicize_connections":[],"jetpack_featured_media_url":"https:\/\/portalmovil.com.ar\/wp-content\/uploads\/2021\/08\/1627385580915.jpg","jetpack_sharing_enabled":true,"amp_enabled":true,"_links":{"self":[{"href":"https:\/\/portalmovil.com.ar\/index.php\/wp-json\/wp\/v2\/posts\/37139","targetHints":{"allow":["GET"]}}],"collection":[{"href":"https:\/\/portalmovil.com.ar\/index.php\/wp-json\/wp\/v2\/posts"}],"about":[{"href":"https:\/\/portalmovil.com.ar\/index.php\/wp-json\/wp\/v2\/types\/post"}],"author":[{"embeddable":true,"href":"https:\/\/portalmovil.com.ar\/index.php\/wp-json\/wp\/v2\/users\/2"}],"replies":[{"embeddable":true,"href":"https:\/\/portalmovil.com.ar\/index.php\/wp-json\/wp\/v2\/comments?post=37139"}],"version-history":[{"count":1,"href":"https:\/\/portalmovil.com.ar\/index.php\/wp-json\/wp\/v2\/posts\/37139\/revisions"}],"predecessor-version":[{"id":37141,"href":"https:\/\/portalmovil.com.ar\/index.php\/wp-json\/wp\/v2\/posts\/37139\/revisions\/37141"}],"wp:featuredmedia":[{"embeddable":true,"href":"https:\/\/portalmovil.com.ar\/index.php\/wp-json\/wp\/v2\/media\/37140"}],"wp:attachment":[{"href":"https:\/\/portalmovil.com.ar\/index.php\/wp-json\/wp\/v2\/media?parent=37139"}],"wp:term":[{"taxonomy":"category","embeddable":true,"href":"https:\/\/portalmovil.com.ar\/index.php\/wp-json\/wp\/v2\/categories?post=37139"},{"taxonomy":"post_tag","embeddable":true,"href":"https:\/\/portalmovil.com.ar\/index.php\/wp-json\/wp\/v2\/tags?post=37139"}],"curies":[{"name":"wp","href":"https:\/\/api.w.org\/{rel}","templated":true}]}}