{"id":37130,"date":"2021-08-17T07:54:20","date_gmt":"2021-08-17T10:54:20","guid":{"rendered":"https:\/\/portalmovil.com.ar\/?p=37130"},"modified":"2021-08-17T07:54:23","modified_gmt":"2021-08-17T10:54:23","slug":"resistencia-murio-un-joven-que-circulaba-en-moto-y-choco-contra-un-camion","status":"publish","type":"post","link":"https:\/\/portalmovil.com.ar\/index.php\/2021\/08\/17\/resistencia-murio-un-joven-que-circulaba-en-moto-y-choco-contra-un-camion\/","title":{"rendered":"Resistencia: Muri\u00f3 un joven que circulaba en moto y choc\u00f3 contra un cami\u00f3n"},"content":{"rendered":"\n<p>Un motociclista de 25 a\u00f1os falleci\u00f3 en la tarde de ayer, tras colisionar contra un cami\u00f3n Mercedes Benz,\u00a0conducido por un hombre de 31 a\u00f1os, en la\u00a0intersecci\u00f3n de la avenida Espa\u00f1a y calle Roque S\u00e1enz Pe\u00f1a, en la ciudad de Resistencia.<\/p>\n\n\n\n<p>Fuentes policiales informaron que ocurri\u00f3 cerca de las 17 de este domingo, cuando\u00a0los efectivos de la comisar\u00eda novena recibieron un llamado informando sobre\u00a0el tr\u00e1gico siniestro vial<\/p>\n\n\n\n<p>En el lugar se hizo presente una ambulancia del Hospital Perrando quien traslado al joven. Minutos m\u00e1s tarde&nbsp;informaron los m\u00e9dicos de turno que el joven ingresado falleci\u00f3 producto de las lesiones contra\u00eddas.Se dio intervenci\u00f3n a la Fiscal\u00eda en turno quien dispuso que instruyan actuaciones judiciales por&nbsp;\u201cSupuesta Lesiones Por Accidente De Tr\u00e1nsito\u201d.<\/p>\n","protected":false},"excerpt":{"rendered":"<p>Un motociclista de 25 a\u00f1os falleci\u00f3 en la tarde de ayer, tras colisionar contra un cami\u00f3n Mercedes Benz,\u00a0conducido por un hombre de 31 a\u00f1os, en la\u00a0intersecci\u00f3n de la avenida Espa\u00f1a y calle Roque S\u00e1enz Pe\u00f1a, en la ciudad de Resistencia. Fuentes policiales informaron que ocurri\u00f3 cerca de las 17 de este domingo, cuando\u00a0los efectivos de &hellip;<\/p>\n","protected":false},"author":2,"featured_media":37132,"comment_status":"open","ping_status":"open","sticky":false,"template":"","format":"standard","meta":{"_jetpack_memberships_contains_paid_content":false,"footnotes":"","jetpack_publicize_message":"","jetpack_publicize_feature_enabled":true,"jetpack_social_post_already_shared":true,"jetpack_social_options":{"image_generator_settings":{"template":"highway","default_image_id":0,"font":"","enabled":false},"version":2}},"categories":[8,37],"tags":[],"class_list":["post-37130","post","type-post","status-publish","format-standard","has-post-thumbnail","hentry","category-policiales","category-resistencia"],"jetpack_publicize_connections":[],"jetpack_featured_media_url":"https:\/\/portalmovil.com.ar\/wp-content\/uploads\/2021\/08\/bed0c94b-a41e-41d8-bd6a-de8173781984.jpg","jetpack_sharing_enabled":true,"amp_enabled":true,"_links":{"self":[{"href":"https:\/\/portalmovil.com.ar\/index.php\/wp-json\/wp\/v2\/posts\/37130","targetHints":{"allow":["GET"]}}],"collection":[{"href":"https:\/\/portalmovil.com.ar\/index.php\/wp-json\/wp\/v2\/posts"}],"about":[{"href":"https:\/\/portalmovil.com.ar\/index.php\/wp-json\/wp\/v2\/types\/post"}],"author":[{"embeddable":true,"href":"https:\/\/portalmovil.com.ar\/index.php\/wp-json\/wp\/v2\/users\/2"}],"replies":[{"embeddable":true,"href":"https:\/\/portalmovil.com.ar\/index.php\/wp-json\/wp\/v2\/comments?post=37130"}],"version-history":[{"count":1,"href":"https:\/\/portalmovil.com.ar\/index.php\/wp-json\/wp\/v2\/posts\/37130\/revisions"}],"predecessor-version":[{"id":37131,"href":"https:\/\/portalmovil.com.ar\/index.php\/wp-json\/wp\/v2\/posts\/37130\/revisions\/37131"}],"wp:featuredmedia":[{"embeddable":true,"href":"https:\/\/portalmovil.com.ar\/index.php\/wp-json\/wp\/v2\/media\/37132"}],"wp:attachment":[{"href":"https:\/\/portalmovil.com.ar\/index.php\/wp-json\/wp\/v2\/media?parent=37130"}],"wp:term":[{"taxonomy":"category","embeddable":true,"href":"https:\/\/portalmovil.com.ar\/index.php\/wp-json\/wp\/v2\/categories?post=37130"},{"taxonomy":"post_tag","embeddable":true,"href":"https:\/\/portalmovil.com.ar\/index.php\/wp-json\/wp\/v2\/tags?post=37130"}],"curies":[{"name":"wp","href":"https:\/\/api.w.org\/{rel}","templated":true}]}}