{"id":36944,"date":"2021-08-15T09:49:47","date_gmt":"2021-08-15T12:49:47","guid":{"rendered":"https:\/\/portalmovil.com.ar\/?p=36944"},"modified":"2021-08-15T09:51:55","modified_gmt":"2021-08-15T12:51:55","slug":"sorpresivo-anuncio-more-rial-revelo-que-se-lanzara-a-la-politica","status":"publish","type":"post","link":"https:\/\/portalmovil.com.ar\/index.php\/2021\/08\/15\/sorpresivo-anuncio-more-rial-revelo-que-se-lanzara-a-la-politica\/","title":{"rendered":"\u00a1Sorpresivo anuncio! More Rial revel\u00f3 que se lanzar\u00e1 a la pol\u00edtica"},"content":{"rendered":"\n<p>En camino a las elecciones 2021,<strong>&nbsp;Morena Rial anunci\u00f3 en sus redes sociales que se lanza a la pol\u00edtica junto a su abogado, Alejandro Cipolla, quien se encarga a de llevar adelante la demanda contra Silvia D\u2019Auro y quien la ayuda a crear un proyecto pol\u00edtico.<\/strong><\/p>\n\n\n\n<p><strong>La hija de Jorge Rial, el periodista argentino, dijo en su cuenta de Instagram sin aclarar a qu\u00e9 cargo apuntar\u00e1 con su letrado: \u00abSe viene un proyecto pol\u00edtico con Alejandro Cipolla. \u00a1Pr\u00f3ximamente van a haber novedades\u00bb.<\/strong><\/p>\n\n\n\n<p>De esta manera,&nbsp;<strong>Morena se suma a la lista de famosos que este a\u00f1o decidieron integrarse. Entre ellos, se encuentra Cinthia Fern\u00e1ndez, Hern\u00e1n Piqu\u00edn y Brian Lanzelotta, entre otros.<\/strong><\/p>\n\n\n\n<p>En tanto, la joven afronta un accionar contra su mam\u00e1 adoptiva. \u00abGracias a Dios no tengo nada que ver con esa se\u00f1ora, ni contacto. Pero la Justicia se va a encargar\u2026 Hace once a\u00f1os desapareci\u00f3 y dej\u00f3 a dos menores con su pap\u00e1, que gracias a Dios nos supo criar muy bien. Comprendo que lo que ella hizo fue abandonar. No entiendo para qu\u00e9 mierda nos adopt\u00f3 si nos iba a terminar abandonando\u00bb, dijo en su momento.<\/p>\n","protected":false},"excerpt":{"rendered":"<p>En camino a las elecciones 2021,&nbsp;Morena Rial anunci\u00f3 en sus redes sociales que se lanza a la pol\u00edtica junto a su abogado, Alejandro Cipolla, quien se encarga a de llevar adelante la demanda contra Silvia D\u2019Auro y quien la ayuda a crear un proyecto pol\u00edtico. La hija de Jorge Rial, el periodista argentino, dijo en &hellip;<\/p>\n","protected":false},"author":2,"featured_media":36946,"comment_status":"open","ping_status":"open","sticky":false,"template":"","format":"standard","meta":{"_jetpack_memberships_contains_paid_content":false,"footnotes":"","jetpack_publicize_message":"","jetpack_publicize_feature_enabled":true,"jetpack_social_post_already_shared":true,"jetpack_social_options":{"image_generator_settings":{"template":"highway","default_image_id":0,"font":"","enabled":false},"version":2}},"categories":[158],"tags":[],"class_list":["post-36944","post","type-post","status-publish","format-standard","has-post-thumbnail","hentry","category-espectaculos"],"jetpack_publicize_connections":[],"jetpack_featured_media_url":"https:\/\/portalmovil.com.ar\/wp-content\/uploads\/2021\/08\/Morena-Rial-796508052-1609418696735.jpg","jetpack_sharing_enabled":true,"amp_enabled":true,"_links":{"self":[{"href":"https:\/\/portalmovil.com.ar\/index.php\/wp-json\/wp\/v2\/posts\/36944","targetHints":{"allow":["GET"]}}],"collection":[{"href":"https:\/\/portalmovil.com.ar\/index.php\/wp-json\/wp\/v2\/posts"}],"about":[{"href":"https:\/\/portalmovil.com.ar\/index.php\/wp-json\/wp\/v2\/types\/post"}],"author":[{"embeddable":true,"href":"https:\/\/portalmovil.com.ar\/index.php\/wp-json\/wp\/v2\/users\/2"}],"replies":[{"embeddable":true,"href":"https:\/\/portalmovil.com.ar\/index.php\/wp-json\/wp\/v2\/comments?post=36944"}],"version-history":[{"count":1,"href":"https:\/\/portalmovil.com.ar\/index.php\/wp-json\/wp\/v2\/posts\/36944\/revisions"}],"predecessor-version":[{"id":36945,"href":"https:\/\/portalmovil.com.ar\/index.php\/wp-json\/wp\/v2\/posts\/36944\/revisions\/36945"}],"wp:featuredmedia":[{"embeddable":true,"href":"https:\/\/portalmovil.com.ar\/index.php\/wp-json\/wp\/v2\/media\/36946"}],"wp:attachment":[{"href":"https:\/\/portalmovil.com.ar\/index.php\/wp-json\/wp\/v2\/media?parent=36944"}],"wp:term":[{"taxonomy":"category","embeddable":true,"href":"https:\/\/portalmovil.com.ar\/index.php\/wp-json\/wp\/v2\/categories?post=36944"},{"taxonomy":"post_tag","embeddable":true,"href":"https:\/\/portalmovil.com.ar\/index.php\/wp-json\/wp\/v2\/tags?post=36944"}],"curies":[{"name":"wp","href":"https:\/\/api.w.org\/{rel}","templated":true}]}}