{"id":36897,"date":"2021-08-14T11:37:36","date_gmt":"2021-08-14T14:37:36","guid":{"rendered":"https:\/\/portalmovil.com.ar\/?p=36897"},"modified":"2021-08-14T11:37:40","modified_gmt":"2021-08-14T14:37:40","slug":"elisa-carrio-el-presidente-es-un-caradura-no-puede-culpar-a-su-pareja","status":"publish","type":"post","link":"https:\/\/portalmovil.com.ar\/index.php\/2021\/08\/14\/elisa-carrio-el-presidente-es-un-caradura-no-puede-culpar-a-su-pareja\/","title":{"rendered":"Elisa Carri\u00f3: El Presidente es un caradura, no puede culpar a su pareja"},"content":{"rendered":"\n<p>Elisa Carri\u00f3 critic\u00f3 en duros t\u00e9rminos al presidente Alberto Fern\u00e1ndez por los festejos en la Quinta de Olivos y lo acus\u00f3 de ser un \u201ccaradura\u201d por responsabilizar a su pareja, Fabiola Y\u00e1\u00f1ez, por el ingreso de personas a la residencia presidencial en plena cuarentena en 2020.<\/p>\n\n\n\n<p>\u201cNo puede culpar a su pareja, es su responsabilidad. La entrada a Olivos no la determina Fabiola sino el Presidente de la Naci\u00f3n\u201d, dijo la exdiputada. Y continu\u00f3: \u201cLa Quinta de Olivos no es la casa privada, es la casa p\u00fablica donde reside el Presidente\u201d.<\/p>\n\n\n\n<p>Este viernes el mandatario habl\u00f3 luego de la difusi\u00f3n de una foto que mostraba el momento del brindis junto a su pareja y otras diez personas en la residencia presidencial, el 14 de julio de 2020, durante la etapa m\u00e1s dura de la cuarentena.<\/p>\n\n\n\n<figure class=\"wp-block-embed is-type-rich is-provider-twitter wp-block-embed-twitter\"><div class=\"wp-block-embed__wrapper\">\n<div class=\"embed-twitter\"><blockquote class=\"twitter-tweet\" data-width=\"500\" data-dnt=\"true\"><p lang=\"es\" dir=\"ltr\">La entrada a Olivos, es autor\u00eda del Presidente <a href=\"https:\/\/t.co\/MdCtl9UEIQ\">pic.twitter.com\/MdCtl9UEIQ<\/a><\/p>&mdash; Elisa Lilita Carri\u00f3 (@elisacarrio) <a href=\"https:\/\/twitter.com\/elisacarrio\/status\/1426305104655884291?ref_src=twsrc%5Etfw\">August 13, 2021<\/a><\/blockquote><script async src=\"https:\/\/platform.twitter.com\/widgets.js\" charset=\"utf-8\"><\/script><\/div>\n<\/div><\/figure>\n\n\n\n<h2 class=\"wp-block-heading\"><strong>QU\u00c9 DIJO<\/strong><\/h2>\n\n\n\n<p>\u201cFabiola convoc\u00f3 a una reuni\u00f3n con sus amigos y a un brindis que no debi\u00f3 haberse hecho, que definitivamente me doy cuenta que no debi\u00f3 haberse hecho. Y que lamento que haya ocurrido. Claramente me arrepiento\u201d, asegur\u00f3 el Presidente este viernes, durante un acto en Olavarr\u00eda.<\/p>\n\n\n\n<p>En ese discurso, el mandatario afirm\u00f3 adem\u00e1s que la informaci\u00f3n tom\u00f3 estado p\u00fablico debido a que fue el propio Gobierno quien dio a conocer el listado de las personas que ingres\u00f3 a Olivos.<\/p>\n\n\n\n<p>Ante esto, Carri\u00f3 respondi\u00f3: \u201cFern\u00e1ndez brinda esa informaci\u00f3n por la ley de acceso a la informaciones, algo que lo obliga a dar los documentos\u201d.<\/p>\n\n\n\n<p>La l\u00edder de la Coalici\u00f3n C\u00edvica agreg\u00f3: \u201cMe emocion\u00f3 esa voz de su condici\u00f3n humana. En la vida hay caras blandas y tambi\u00e9n caras duras. Me parece que el se\u00f1or Presidente es un caradura\u201d.<\/p>\n\n\n\n<p>La exlegisladora volvi\u00f3 a desligar a la primera dama, aunque con una defensa que no deja bien parada a la pareja del Presidente: \u201cYo no s\u00e9 ni quien es Fabiola Y\u00e1\u00f1ez, ni Fern\u00e1ndez sabe quien es Fabiola. Yo no la puedo culpar a ella de lo que pas\u00f3. Yo no la puedo acusar a ella de ser la responsable de los que ingresan a Olivos\u201d.<\/p>\n","protected":false},"excerpt":{"rendered":"<p>Elisa Carri\u00f3 critic\u00f3 en duros t\u00e9rminos al presidente Alberto Fern\u00e1ndez por los festejos en la Quinta de Olivos y lo acus\u00f3 de ser un \u201ccaradura\u201d por responsabilizar a su pareja, Fabiola Y\u00e1\u00f1ez, por el ingreso de personas a la residencia presidencial en plena cuarentena en 2020. \u201cNo puede culpar a su pareja, es su responsabilidad. &hellip;<\/p>\n","protected":false},"author":2,"featured_media":36898,"comment_status":"open","ping_status":"open","sticky":false,"template":"","format":"standard","meta":{"_jetpack_memberships_contains_paid_content":false,"footnotes":"","jetpack_publicize_message":"","jetpack_publicize_feature_enabled":true,"jetpack_social_post_already_shared":true,"jetpack_social_options":{"image_generator_settings":{"template":"highway","default_image_id":0,"font":"","enabled":false},"version":2}},"categories":[639,14],"tags":[],"class_list":["post-36897","post","type-post","status-publish","format-standard","has-post-thumbnail","hentry","category-argentina","category-politica"],"jetpack_publicize_connections":[],"jetpack_featured_media_url":"https:\/\/portalmovil.com.ar\/wp-content\/uploads\/2021\/08\/IS4RCUOUORA4ZGAX62FGM6UFVA.jpg","jetpack_sharing_enabled":true,"amp_enabled":true,"_links":{"self":[{"href":"https:\/\/portalmovil.com.ar\/index.php\/wp-json\/wp\/v2\/posts\/36897","targetHints":{"allow":["GET"]}}],"collection":[{"href":"https:\/\/portalmovil.com.ar\/index.php\/wp-json\/wp\/v2\/posts"}],"about":[{"href":"https:\/\/portalmovil.com.ar\/index.php\/wp-json\/wp\/v2\/types\/post"}],"author":[{"embeddable":true,"href":"https:\/\/portalmovil.com.ar\/index.php\/wp-json\/wp\/v2\/users\/2"}],"replies":[{"embeddable":true,"href":"https:\/\/portalmovil.com.ar\/index.php\/wp-json\/wp\/v2\/comments?post=36897"}],"version-history":[{"count":1,"href":"https:\/\/portalmovil.com.ar\/index.php\/wp-json\/wp\/v2\/posts\/36897\/revisions"}],"predecessor-version":[{"id":36899,"href":"https:\/\/portalmovil.com.ar\/index.php\/wp-json\/wp\/v2\/posts\/36897\/revisions\/36899"}],"wp:featuredmedia":[{"embeddable":true,"href":"https:\/\/portalmovil.com.ar\/index.php\/wp-json\/wp\/v2\/media\/36898"}],"wp:attachment":[{"href":"https:\/\/portalmovil.com.ar\/index.php\/wp-json\/wp\/v2\/media?parent=36897"}],"wp:term":[{"taxonomy":"category","embeddable":true,"href":"https:\/\/portalmovil.com.ar\/index.php\/wp-json\/wp\/v2\/categories?post=36897"},{"taxonomy":"post_tag","embeddable":true,"href":"https:\/\/portalmovil.com.ar\/index.php\/wp-json\/wp\/v2\/tags?post=36897"}],"curies":[{"name":"wp","href":"https:\/\/api.w.org\/{rel}","templated":true}]}}