{"id":36786,"date":"2021-08-13T12:44:37","date_gmt":"2021-08-13T15:44:37","guid":{"rendered":"https:\/\/portalmovil.com.ar\/?p=36786"},"modified":"2021-08-13T12:44:40","modified_gmt":"2021-08-13T15:44:40","slug":"iprodich-asesoro-y-entrego-elementos-a-personas-con-discapacidad-de-12-localidades","status":"publish","type":"post","link":"https:\/\/portalmovil.com.ar\/index.php\/2021\/08\/13\/iprodich-asesoro-y-entrego-elementos-a-personas-con-discapacidad-de-12-localidades\/","title":{"rendered":"Iprodich asesor\u00f3 y entreg\u00f3 elementos a personas con discapacidad de 12 localidades"},"content":{"rendered":"\n<p>El presidente del organismo Jos\u00e9 Lorenzo destac\u00f3 la importancia del trabajo articulado con otros entes para desarrollar acciones en cada punto de la provincia.<\/p>\n\n\n\n<p>A trav\u00e9s del programa \u201cEl Estado donde vos est\u00e1s\u201d, el Iprodich asesor\u00f3 sobre los alcances de los derechos inclusivos a ciudadanas y ciudadanos de varias localidades.<\/p>\n\n\n\n<p>El Instituto Provincial para la Inclusi\u00f3n de las Personas con Discapacidad del Chaco (IPRODICH) asesor\u00f3 y entreg\u00f3 ayudas t\u00e9cnicas como sillas de ruedas, colchones, muletas, aires acondicionados, heladeras a personas con discapacidad de Resistencia, S\u00e1enz Pe\u00f1a, Puerto Vilelas, Basail, Charata, Villa \u00c1ngela y Puerto Bermejo.<\/p>\n\n\n\n<p>Adem\u00e1s, a trav\u00e9s del programa \u201cEl Estado donde vos est\u00e1s\u201d se asesor\u00f3 sobre los alcances de los derechos inclusivos a ciudadanas y ciudadanos de Presidencia de la Plaza, Tres Isletas, Quitilipi, Pampa del Infierno y Misi\u00f3n Nueva Pompeya.<\/p>\n\n\n\n<p>El presidente del organismo Jos\u00e9 Lorenzo destac\u00f3 el gran trabajo se viene realizando para atender demandas y necesidades de las personas con discapacidad y la importancia del trabajo articulado con otros entes para desarrollar acciones en cada punto de la provincia. \u201cRecibimos las solicitudes a nivel telef\u00f3nico, virtual o presencial, y r\u00e1pidamente les brindamos respuestas articuladamente con los municipios o delegados correspondientes seg\u00fan cada localidad\u201d, explic\u00f3.<\/p>\n\n\n\n<p>En ese sentido adelant\u00f3 que se continuar\u00e1n realizando visitas o enviando elementos a localidades y ciudadanos que lo necesiten. \u201cAl tiempo de la pandemia le sucede el tiempo de la recuperaci\u00f3n y fortalecimiento de derechos para las y los chaque\u00f1os con discapacidad en cada rinc\u00f3n de la provincia\u201d, remarc\u00f3 Lorenzo.<\/p>\n\n\n\n<p>Contactos telef\u00f3nicos y virtuales<\/p>\n\n\n\n<p>Los n\u00fameros de contactos telef\u00f3nicos para recibir m\u00e1s informaci\u00f3n sobre requisitos o temas relacionados a la discapacidad son: 3624-901516 (evaluaci\u00f3n CUD), 3624-620073 (informe general), 3624-001473 (inclusi\u00f3n social), 3624-668633 (intervenci\u00f3n territorial), 3624-001023 (\u00e1rea legales), 3624-746453 (ayudas t\u00e9cnicas), 3624-207848 (servicios p\u00fablicos), 3624-689464 (Boleter\u00eda \u00danica Accesible). Tambi\u00e9n a trav\u00e9s de las redes sociales o p\u00e1gina Web (www.iprodich.gob.ar).<\/p>\n\n\n\n<p>Asimismo, las juntas evaluadoras del interior, tambi\u00e9n asisten a los interesados en los siguientes n\u00fameros: 3624-647520 (sede Charata, ubicada en Av. Belgrano 208); 3624-749224 (sede Castelli, ubicada en Espa\u00f1a 350); 3624-246756 (sede S\u00e1enz Pe\u00f1a, ubicada en Avellaneda 636); 3624-900785 (sede Villa \u00c1ngela, ubicada en Rivadavia y esquina Moreno); y 3625-270079 (sede San Mart\u00edn, ubicada en la esquina entre las calles Paso y Chile).<\/p>\n","protected":false},"excerpt":{"rendered":"<p>El presidente del organismo Jos\u00e9 Lorenzo destac\u00f3 la importancia del trabajo articulado con otros entes para desarrollar acciones en cada punto de la provincia. A trav\u00e9s del programa \u201cEl Estado donde vos est\u00e1s\u201d, el Iprodich asesor\u00f3 sobre los alcances de los derechos inclusivos a ciudadanas y ciudadanos de varias localidades. El Instituto Provincial para la &hellip;<\/p>\n","protected":false},"author":2,"featured_media":36787,"comment_status":"open","ping_status":"open","sticky":false,"template":"","format":"standard","meta":{"_jetpack_memberships_contains_paid_content":false,"footnotes":"","jetpack_publicize_message":"","jetpack_publicize_feature_enabled":true,"jetpack_social_post_already_shared":true,"jetpack_social_options":{"image_generator_settings":{"template":"highway","default_image_id":0,"font":"","enabled":false},"version":2}},"categories":[28,5],"tags":[],"class_list":["post-36786","post","type-post","status-publish","format-standard","has-post-thumbnail","hentry","category-actualidad","category-chaco"],"jetpack_publicize_connections":[],"jetpack_featured_media_url":"https:\/\/portalmovil.com.ar\/wp-content\/uploads\/2021\/08\/474eccf5b0680a1887758e5b3fbb9f50.jpg","jetpack_sharing_enabled":true,"amp_enabled":true,"_links":{"self":[{"href":"https:\/\/portalmovil.com.ar\/index.php\/wp-json\/wp\/v2\/posts\/36786","targetHints":{"allow":["GET"]}}],"collection":[{"href":"https:\/\/portalmovil.com.ar\/index.php\/wp-json\/wp\/v2\/posts"}],"about":[{"href":"https:\/\/portalmovil.com.ar\/index.php\/wp-json\/wp\/v2\/types\/post"}],"author":[{"embeddable":true,"href":"https:\/\/portalmovil.com.ar\/index.php\/wp-json\/wp\/v2\/users\/2"}],"replies":[{"embeddable":true,"href":"https:\/\/portalmovil.com.ar\/index.php\/wp-json\/wp\/v2\/comments?post=36786"}],"version-history":[{"count":1,"href":"https:\/\/portalmovil.com.ar\/index.php\/wp-json\/wp\/v2\/posts\/36786\/revisions"}],"predecessor-version":[{"id":36788,"href":"https:\/\/portalmovil.com.ar\/index.php\/wp-json\/wp\/v2\/posts\/36786\/revisions\/36788"}],"wp:featuredmedia":[{"embeddable":true,"href":"https:\/\/portalmovil.com.ar\/index.php\/wp-json\/wp\/v2\/media\/36787"}],"wp:attachment":[{"href":"https:\/\/portalmovil.com.ar\/index.php\/wp-json\/wp\/v2\/media?parent=36786"}],"wp:term":[{"taxonomy":"category","embeddable":true,"href":"https:\/\/portalmovil.com.ar\/index.php\/wp-json\/wp\/v2\/categories?post=36786"},{"taxonomy":"post_tag","embeddable":true,"href":"https:\/\/portalmovil.com.ar\/index.php\/wp-json\/wp\/v2\/tags?post=36786"}],"curies":[{"name":"wp","href":"https:\/\/api.w.org\/{rel}","templated":true}]}}