{"id":3665,"date":"2020-03-19T00:53:40","date_gmt":"2020-03-19T03:53:40","guid":{"rendered":"http:\/\/portalmovil.com.ar\/?p=3665"},"modified":"2020-03-19T00:53:47","modified_gmt":"2020-03-19T03:53:47","slug":"el-gobierno-analiza-una-cuarentena-total-para-contener-el-coronavirus-en-argentina","status":"publish","type":"post","link":"https:\/\/portalmovil.com.ar\/index.php\/2020\/03\/19\/el-gobierno-analiza-una-cuarentena-total-para-contener-el-coronavirus-en-argentina\/","title":{"rendered":"El Gobierno analiza una cuarentena total para contener el coronavirus en Argentina"},"content":{"rendered":"\n<p>El presidente de la Naci\u00f3n,\u00a0<strong>Alberto Fern\u00e1ndez, eval\u00faa por estas horas la posibilidad de ampliar el alcance del aislamiento preventivo y decretar una cuarentena total en todo el pa\u00eds<\/strong>. As\u00ed lo confirmaron el presidente de la C\u00e1mara de Diputados y los principales jefes de bloque del Congreso argentino, pero remarcaron que\u00a0<strong>la decisi\u00f3n se tomar\u00e1 el jueves en una reuni\u00f3n que el mandatario nacional tendr\u00e1 con los gobernadores<\/strong>. <\/p>\n\n\n\n<figure class=\"wp-block-embed-youtube wp-block-embed is-type-video is-provider-youtube wp-embed-aspect-16-9 wp-has-aspect-ratio\"><div class=\"wp-block-embed__wrapper\">\n<iframe loading=\"lazy\" title=\"Reuni\u00f3n del presidente con representantes de bloques parlamentarios - Conferencia de prensa\" width=\"500\" height=\"281\" src=\"https:\/\/www.youtube.com\/embed\/AEyPYklN-9o?feature=oembed\" frameborder=\"0\" allow=\"accelerometer; autoplay; clipboard-write; encrypted-media; gyroscope; picture-in-picture; web-share\" referrerpolicy=\"strict-origin-when-cross-origin\" allowfullscreen><\/iframe>\n<\/div><\/figure>\n\n\n\n<p><strong>\u00abLa decisi\u00f3n del Gobierno es tomar todas las medidas necesarias para que la curva de casos no crezca. Todas las medidas que la autoridad sanitaria considere que se tengan que tomar para garantizar el cumplimiento del aislamiento van a ser tomadas\u00bb<\/strong>, remarc\u00f3 Massa, del Frente de Todos.<\/p>\n\n\n\n<p>Por su parte, el jefe del interbloque de senadores de Juntos por el Cambio,&nbsp;<strong>Luis Naidenoff<\/strong>, sostuvo que&nbsp;<strong>el encuentro del presidente con los mandatarios provinciales ser\u00e1 \u00abcentral\u00bb y \u00abdefinitorio\u00bb, pues analizar\u00e1n las nuevas medidas a implementar para hacer frente a la pandemia de coronavirus que, as\u00ed como sucede el resto del mundo, tambi\u00e9n avanza en el pa\u00eds<\/strong>.<\/p>\n\n\n\n<figure class=\"wp-block-image\"><a href=\"https:\/\/pxb.cdn.0221.com.ar\/0221\/032020\/1584104950736.jpg\"><img decoding=\"async\" src=\"https:\/\/pxb.cdn.0221.com.ar\/0221\/032020\/1584104950736.jpg\" alt=\"\"\/><\/a><\/figure>\n\n\n\n<p>\u00abLe dimos al Presidente el respaldo para que tome la decisi\u00f3n m\u00e1s necesaria para este momento\u00bb, se\u00f1al\u00f3 el presidente de la C\u00e1mara Baja y agreg\u00f3:&nbsp;<strong>\u00abEl \u00e9xito del Gobierno y de los argentinos es evitar los contagios. Hay una necesidad de entender que tenemos la tarea, entre todos, de cuidarnos. La mejor forma es aislarnos. Las normas que va tomando el Gobierno no son para perjudicar a nadie, sino para cuidar a todos\u00bb<\/strong>.<\/p>\n\n\n\n<figure class=\"wp-block-image\"><a href=\"https:\/\/pxb.cdn.0221.com.ar\/0221\/032020\/1584573668350.jpg\"><img decoding=\"async\" src=\"https:\/\/pxb.cdn.0221.com.ar\/0221\/032020\/1584573668350.jpg\" alt=\"\"\/><\/a><\/figure>\n\n\n\n<p>Massa puso en el \u00e9nfasis en que los representantes mantendr\u00e1n sus diferencias ideol\u00f3gicas de lado:&nbsp;<strong>\u00abLos dirigentes de la oposici\u00f3n nos sentamos a la mesa para proponer soluciones ante esta pandemia. A partir de la reuni\u00f3n de hoy, cada 15 d\u00edas, gobierno y oposici\u00f3n van a articular una reuni\u00f3n similar para hacer un seguimiento de las pol\u00edticas p\u00fablicas hacia un camino de soluci\u00f3n\u00bb<\/strong>, explic\u00f3.<\/p>\n\n\n\n<p>Asimismo, el jefe del interbloque de diputados de Juntos por el Cambio,&nbsp;<strong>Mario Negri<\/strong>, sostuvo que&nbsp;<strong>el Presidente \u00abes el comandante de esta batalla porque as\u00ed lo decidi\u00f3 el pa\u00eds\u00bb&nbsp;y reiter\u00f3 el apoyo de la oposici\u00f3n en la lucha contra el coronavirus.&nbsp;<\/strong>\u00abHemos ratificado que la centralidad de las decisiones y la responsabilidad son del Gobierno y el Presidente. Este problema no es pol\u00edtico, porque se lleva las vidas de todos. El Presidente es el comandante de esta batalla porque lo decidi\u00f3 el pa\u00eds\u00bb, a\u00f1adi\u00f3 el diputado radical durante la conferencia.<\/p>\n\n\n\n<figure class=\"wp-block-image\"><a href=\"https:\/\/pxb.cdn.0221.com.ar\/0221\/032020\/1583886190080.jpg\"><img decoding=\"async\" src=\"https:\/\/pxb.cdn.0221.com.ar\/0221\/032020\/1583886190080.jpg\" alt=\"\"\/><\/a><\/figure>\n\n\n\n<p>\u00abNuestra recomendaci\u00f3n, y la de todos los dirigentes, sin distinci\u00f3n pol\u00edtica, es cumplir con el aislamiento. Aislarse es apostar por la vida, es la mejor herramienta que tenemos contra esta pandemia\u00bb, agreg\u00f3 Massa y cerr\u00f3:&nbsp;<strong>\u00abAc\u00e1 no hay gobierno y oposici\u00f3n. No hay grieta. Los que llevamos la representaci\u00f3n en el Congreso hemos dado nuestro respaldo y compromiso para habilitar las herramientas y toda la fuerza al Presidente para que se sienta m\u00e1s all\u00e1 de las diferencias pol\u00edticas y partidarias\u00bb<\/strong>.<\/p>\n\n\n\n<figure class=\"wp-block-image\"><a href=\"https:\/\/pxb.cdn.0221.com.ar\/0221\/032020\/1584104954298.jpg\"><img decoding=\"async\" src=\"https:\/\/pxb.cdn.0221.com.ar\/0221\/032020\/1584104954298.jpg\" alt=\"\"\/><\/a><\/figure>\n\n\n\n<p><strong>Este mi\u00e9rcoles\u00a0<a href=\"https:\/\/www.0221.com.ar\/nota\/2020-3-18-19-38-0-confirmaron-19-nuevos-casos-de-coronavirus-y-ya-son-97-en-todo-el-pais\">se confirmaron 19 nuevos casos de contagio en el pa\u00eds, por lo que la cifra total de casos registrados ascendi\u00f3 a 97<\/a>.<\/strong>\u00a0Tres de los pacientes infectados fueron dados de alta, pero otros dos murieron a causa de las complicaciones generadas por el virus. A nivel mundial, la cantidad de v\u00edctimas fatales ya supera las 8.700 personas, mientras que la cantidad de pacientes infectados supera las 214 mil.<\/p>\n","protected":false},"excerpt":{"rendered":"<p>El presidente de la Naci\u00f3n,\u00a0Alberto Fern\u00e1ndez, eval\u00faa por estas horas la posibilidad de ampliar el alcance del aislamiento preventivo y decretar una cuarentena total en todo el pa\u00eds. As\u00ed lo confirmaron el presidente de la C\u00e1mara de Diputados y los principales jefes de bloque del Congreso argentino, pero remarcaron que\u00a0la decisi\u00f3n se tomar\u00e1 el jueves &hellip;<\/p>\n","protected":false},"author":2,"featured_media":3666,"comment_status":"open","ping_status":"open","sticky":false,"template":"","format":"standard","meta":{"_jetpack_memberships_contains_paid_content":false,"footnotes":"","jetpack_publicize_message":"","jetpack_publicize_feature_enabled":true,"jetpack_social_post_already_shared":true,"jetpack_social_options":{"image_generator_settings":{"template":"highway","default_image_id":0,"font":"","enabled":false},"version":2}},"categories":[14],"tags":[],"class_list":["post-3665","post","type-post","status-publish","format-standard","has-post-thumbnail","hentry","category-politica"],"jetpack_publicize_connections":[],"jetpack_featured_media_url":"https:\/\/portalmovil.com.ar\/wp-content\/uploads\/2020\/03\/ETbRqL-XQAcyUOC.jpg","jetpack_sharing_enabled":true,"amp_enabled":true,"_links":{"self":[{"href":"https:\/\/portalmovil.com.ar\/index.php\/wp-json\/wp\/v2\/posts\/3665","targetHints":{"allow":["GET"]}}],"collection":[{"href":"https:\/\/portalmovil.com.ar\/index.php\/wp-json\/wp\/v2\/posts"}],"about":[{"href":"https:\/\/portalmovil.com.ar\/index.php\/wp-json\/wp\/v2\/types\/post"}],"author":[{"embeddable":true,"href":"https:\/\/portalmovil.com.ar\/index.php\/wp-json\/wp\/v2\/users\/2"}],"replies":[{"embeddable":true,"href":"https:\/\/portalmovil.com.ar\/index.php\/wp-json\/wp\/v2\/comments?post=3665"}],"version-history":[{"count":1,"href":"https:\/\/portalmovil.com.ar\/index.php\/wp-json\/wp\/v2\/posts\/3665\/revisions"}],"predecessor-version":[{"id":3667,"href":"https:\/\/portalmovil.com.ar\/index.php\/wp-json\/wp\/v2\/posts\/3665\/revisions\/3667"}],"wp:featuredmedia":[{"embeddable":true,"href":"https:\/\/portalmovil.com.ar\/index.php\/wp-json\/wp\/v2\/media\/3666"}],"wp:attachment":[{"href":"https:\/\/portalmovil.com.ar\/index.php\/wp-json\/wp\/v2\/media?parent=3665"}],"wp:term":[{"taxonomy":"category","embeddable":true,"href":"https:\/\/portalmovil.com.ar\/index.php\/wp-json\/wp\/v2\/categories?post=3665"},{"taxonomy":"post_tag","embeddable":true,"href":"https:\/\/portalmovil.com.ar\/index.php\/wp-json\/wp\/v2\/tags?post=3665"}],"curies":[{"name":"wp","href":"https:\/\/api.w.org\/{rel}","templated":true}]}}