{"id":36458,"date":"2021-08-11T10:22:47","date_gmt":"2021-08-11T13:22:47","guid":{"rendered":"https:\/\/portalmovil.com.ar\/?p=36458"},"modified":"2021-08-11T10:22:49","modified_gmt":"2021-08-11T13:22:49","slug":"los-que-usan-el-cambio-como-slogan-nunca-lograron-cambiar-nada","status":"publish","type":"post","link":"https:\/\/portalmovil.com.ar\/index.php\/2021\/08\/11\/los-que-usan-el-cambio-como-slogan-nunca-lograron-cambiar-nada\/","title":{"rendered":"\u201cLos que usan el cambio como slogan, nunca lograron cambiar nada\u201d"},"content":{"rendered":"\n<p>El gobernador Jorge Capitanich inaugur\u00f3 en la ma\u00f1ana de este mi\u00e9rcoles 500 metros de pavimento urbano en el barrio Independencia de Fontana. Con la habilitaci\u00f3n de estas nuevas cuadras ya son cerca de 300 las ejecutadas en la localidad desde el 2007.<\/p>\n\n\n\n<p>Durante el acto el primer mandatario, quien estuvo acompa\u00f1ado por funcionario del gabinete provincial y la intendenta Patricia Rodas, record\u00f3 las diferentes obras ejecutadas las cuales permitieron que la ciudad registre \u201cuna transformaci\u00f3n sin precedentes\u201d. Asegur\u00f3 adem\u00e1s que \u201clos que usan el cambio como slogan, nunca lograron cambiar nada\u201d<\/p>\n\n\n\n<p>Capitanich ponder\u00f3 adem\u00e1s el ambicioso plan de pavimentaci\u00f3n que lleva adelante el Gobierno provincial el cual tiene como objetivo llegar a 10.000 cuadras en toda la provincia.<\/p>\n\n\n\n<p>\u201cCon la construcci\u00f3n de pavimento se integra a la comunidad, se reactiva la econom\u00eda, se generan empleos y los vecinos y vecinas pueden circular mejor\u201d, mencion\u00f3.<\/p>\n\n\n\n<p>Por otra parte detall\u00f3 que en Fontana se ejecutan tres obras estrat\u00e9gicas: el polo tecnol\u00f3gico, el centro oncol\u00f3gico cardiol\u00f3gico y la instalaci\u00f3n de la sede de Gendarmer\u00eda Nacional. Mencion\u00f3 que estos son \u201ctres pilares en materia de empleo, salud y seguridad\u201d.<\/p>\n\n\n\n<p>\u201cEstamos ejecutando un plan muy ambicioso de pavimento urbano en toda la geograf\u00eda de nuestra provincia y hacia el a\u00f1o 2023 vamos a finalizar con 750 km de rutas pavimentadas\u201d, dijo. Sobre esto destac\u00f3 que entre 1983 y 2007 en la provincia se construyeron 150 km de rutas y que durante sus 12 a\u00f1os de gesti\u00f3n se va a multiplicar por cinco esa cifra.<\/p>\n\n\n\n<p>\u201cPara aquellos que dicen que con el pavimento no se come, les decimos que con el pavimento damos de comer a muchos industriales, a comerciantes, a constructores y a vecinos y vecinas\u201d, asever\u00f3 y agreg\u00f3 que \u201clo que estamos haciendo es integrar a la comunidad\u201d.<\/p>\n\n\n\n<p>El gobernador mencion\u00f3 adem\u00e1s que \u201cestas inversiones Inversiones son hechos, no palabras\u201d. \u201cMuchos han tenido la oportunidad tambi\u00e9n de gobernar la provincia y no lo hicieron, no supieron, no pudieron o no quisieron quiz\u00e1s, pero nosotros lo quisimos, lo pudimos hacer, lo queremos hacer y el verdadero cambio pasa cuando le cambiamos la vida a la comunidad y a las personas\u201d.<\/p>\n","protected":false},"excerpt":{"rendered":"<p>El gobernador Jorge Capitanich inaugur\u00f3 en la ma\u00f1ana de este mi\u00e9rcoles 500 metros de pavimento urbano en el barrio Independencia de Fontana. Con la habilitaci\u00f3n de estas nuevas cuadras ya son cerca de 300 las ejecutadas en la localidad desde el 2007. Durante el acto el primer mandatario, quien estuvo acompa\u00f1ado por funcionario del gabinete &hellip;<\/p>\n","protected":false},"author":2,"featured_media":36459,"comment_status":"open","ping_status":"open","sticky":false,"template":"","format":"standard","meta":{"_jetpack_memberships_contains_paid_content":false,"footnotes":"","jetpack_publicize_message":"","jetpack_publicize_feature_enabled":true,"jetpack_social_post_already_shared":true,"jetpack_social_options":{"image_generator_settings":{"template":"highway","default_image_id":0,"font":"","enabled":false},"version":2}},"categories":[5,14],"tags":[],"class_list":["post-36458","post","type-post","status-publish","format-standard","has-post-thumbnail","hentry","category-chaco","category-politica"],"jetpack_publicize_connections":[],"jetpack_featured_media_url":"https:\/\/portalmovil.com.ar\/wp-content\/uploads\/2021\/08\/FB_IMG_1628688001917.jpg","jetpack_sharing_enabled":true,"amp_enabled":true,"_links":{"self":[{"href":"https:\/\/portalmovil.com.ar\/index.php\/wp-json\/wp\/v2\/posts\/36458","targetHints":{"allow":["GET"]}}],"collection":[{"href":"https:\/\/portalmovil.com.ar\/index.php\/wp-json\/wp\/v2\/posts"}],"about":[{"href":"https:\/\/portalmovil.com.ar\/index.php\/wp-json\/wp\/v2\/types\/post"}],"author":[{"embeddable":true,"href":"https:\/\/portalmovil.com.ar\/index.php\/wp-json\/wp\/v2\/users\/2"}],"replies":[{"embeddable":true,"href":"https:\/\/portalmovil.com.ar\/index.php\/wp-json\/wp\/v2\/comments?post=36458"}],"version-history":[{"count":1,"href":"https:\/\/portalmovil.com.ar\/index.php\/wp-json\/wp\/v2\/posts\/36458\/revisions"}],"predecessor-version":[{"id":36460,"href":"https:\/\/portalmovil.com.ar\/index.php\/wp-json\/wp\/v2\/posts\/36458\/revisions\/36460"}],"wp:featuredmedia":[{"embeddable":true,"href":"https:\/\/portalmovil.com.ar\/index.php\/wp-json\/wp\/v2\/media\/36459"}],"wp:attachment":[{"href":"https:\/\/portalmovil.com.ar\/index.php\/wp-json\/wp\/v2\/media?parent=36458"}],"wp:term":[{"taxonomy":"category","embeddable":true,"href":"https:\/\/portalmovil.com.ar\/index.php\/wp-json\/wp\/v2\/categories?post=36458"},{"taxonomy":"post_tag","embeddable":true,"href":"https:\/\/portalmovil.com.ar\/index.php\/wp-json\/wp\/v2\/tags?post=36458"}],"curies":[{"name":"wp","href":"https:\/\/api.w.org\/{rel}","templated":true}]}}