{"id":36298,"date":"2021-08-10T02:42:50","date_gmt":"2021-08-10T05:42:50","guid":{"rendered":"https:\/\/portalmovil.com.ar\/?p=36298"},"modified":"2021-08-10T02:42:53","modified_gmt":"2021-08-10T05:42:53","slug":"quedo-habilitada-obras-en-una-escuela-y-un-centro-comunitario-en-quitilipi","status":"publish","type":"post","link":"https:\/\/portalmovil.com.ar\/index.php\/2021\/08\/10\/quedo-habilitada-obras-en-una-escuela-y-un-centro-comunitario-en-quitilipi\/","title":{"rendered":"Qued\u00f3 habilitada obras en una escuela y un centro comunitario en Quitilipi"},"content":{"rendered":"\n<p>En Quitilipi, el gobernador Jorge Capitanich habilit\u00f3 las obras de refacci\u00f3n del sal\u00f3n de usos m\u00faltiples de la Escuela de Educaci\u00f3n T\u00e9cnica N\u00b0 18 \u201cMarta Magdalena Touceda\u201d y la refacci\u00f3n integral del Centro Integrador de Fortalecimiento Familiar (CIFF) N\u00b0 4 \u201cElena Terzich\u201d en el barrio Mataderos. \u201cEstamos trabajando en esta direcci\u00f3n: la de un Estado que garantice derechos, asigne prioridades y tenga pol\u00edticas p\u00fablicas con mayor inclusi\u00f3n, equidad y estrategias de cumplimiento\u201d, destac\u00f3 el mandatario.<\/p>\n\n\n\n<p>Acompa\u00f1ado por la ministra de Desarrollo Social, P\u00eda Chiacchio Cavana y la ministra de Educaci\u00f3n, Daniela Torrente, Capitanich visit\u00f3 en primer lugar las obras de la instituci\u00f3n educativa. Los trabajos, demandaron una inversi\u00f3n provincial de $6.443.333 e incluyeron la construcci\u00f3n de nuevas correas con perfiles de chapa, revoques, cubiertas de chapa, incorporaci\u00f3n de ca\u00f1os y limpieza y desobstrucci\u00f3n del desag\u00fce pluvial del patio.<\/p>\n\n\n\n<p>\u201cSe hizo una remodelaci\u00f3n del SUM que hab\u00eda quedado da\u00f1ado por una tormenta y ahora tenemos el desaf\u00edo de mejorar el play\u00f3n deportivo\u201d, expres\u00f3 el mandatario. Adem\u00e1s, Capitanich recalc\u00f3 la inversi\u00f3n en infraestructura escolar: \u201cEstamos con obras en 127 edificios escolares, de las cuales 33 las vamos a inaugurar este a\u00f1o. No es s\u00f3lo infraestructura, sino tambi\u00e9n tecnolog\u00eda e implica superar la meta 610 escuelas conectadas, y 95% de la matr\u00edcula escolar conectada. Es un gran desaf\u00edo y estamos avanzando\u201d, dijo.<\/p>\n\n\n\n<figure class=\"wp-block-image\"><img decoding=\"async\" src=\"http:\/\/agenciafoco.com.ar\/media\/cache\/quality\/uploads\/noticias\/6111c41902977675151261.jpg\" alt=\"\"\/><\/figure>\n\n\n\n<p>La ministra Torrente precis\u00f3 que, en el marco del plan de retorno a la presencialidad cuidada y con fondos provinciales, se llevan&nbsp;<strong>intervenidos m\u00e1s de 500 edificios escolares&nbsp;<\/strong>en lo que va del a\u00f1o en toda la provincia. Solo en Quitilip\u00ec se refaccionaron 21 establecimientos.<\/p>\n\n\n\n<p>Adem\u00e1s, adelant\u00f3 que pr\u00f3ximamente se realizar\u00e1 la apertura de sobres de licitaci\u00f3n para la construcci\u00f3n de un jard\u00edn de infantes y que dentro del plan de obras a financiar est\u00e1 contemplada la construcci\u00f3n de una escuela secundaria.<\/p>\n\n\n\n<p>La instituci\u00f3n cuenta con una matr\u00edcula compuesta por 358 alumnos y alumnas distribuidos en 19 secciones en dos turnos (ma\u00f1ana y tarde) y 25 docentes. Las y los alumnos egresan con el t\u00edtulo de Maestro Mayor de Obra y T\u00e9cnico en Inform\u00e1tica. Participaron de la recorrida la subsecretaria de Ni\u00f1ez, Adolescencia y Familia, Graciela Cavana, la directora de la Regional Educativa IV B y la directora de la EET N\u00b0 18, Mirna Morinico.&nbsp;&nbsp;<\/p>\n\n\n\n<h3 class=\"wp-block-heading\">Inversi\u00f3n para garantizar los derechos de la ni\u00f1ez, adolescencia y familia<\/h3>\n\n\n\n<figure class=\"wp-block-image\"><img decoding=\"async\" src=\"http:\/\/agenciafoco.com.ar\/media\/cache\/quality\/uploads\/noticias\/6111c41902d7d949293054.jpg\" alt=\"\"\/><\/figure>\n\n\n\n<p>El mandatario habilit\u00f3 luego la refacci\u00f3n integral del Centro de Integraci\u00f3n y Fortalecimiento Familiar (CIFF) N\u00b0 4 \u201cElena Terzich\u201d, que demand\u00f3 una inversi\u00f3n de $ 8.879.526, financiada por el Banco Interamericano de Desarrollo (BID), donde se refaccionaron en accesos, espacios l\u00fadicos, sanitarios (se construy\u00f3 uno adaptado a personas con discapacidad), cielorrasos y cubiertas, se readecu\u00f3 la cocina. Tambi\u00e9n, se refaccionaron las instalaciones sanitarias y el\u00e9ctricas y se colocaron nuevos artefactos de iluminaci\u00f3n.<\/p>\n\n\n\n<p>La ministra de Desarrollo Social, Mar\u00eda P\u00eda Chiacchio Cavana, asegur\u00f3 que \u201csi logramos que ni\u00f1os y ni\u00f1as est\u00e9n contenidos en centros de desarrollo infantil, vamos a poder generar mayores mecanismos de inclusi\u00f3n social y herramientas fundamentales para el desarrollo de su vida\u201d e hizo hincapi\u00e9 en que \u201crefaccionar los CIFF y priorizar a las primeras infancias, que nos impulsar\u00e1n a crear 18 centros de Desarrollo Infantil a nuevo en aquellas localidades donde no las hay, o en aquellos lugares donde necesitemos reforzar por la gran demanda\u201d.<\/p>\n\n\n\n<figure class=\"wp-block-image\"><img decoding=\"async\" src=\"http:\/\/agenciafoco.com.ar\/media\/cache\/quality\/uploads\/noticias\/6111c41903187781111365.jpg\" alt=\"\"\/><\/figure>\n\n\n\n<p>El CIFF atiende a cerca de 135 ni\u00f1os, ni\u00f1as y adolescentes de distintas edades con una estrategia de inclusi\u00f3n social, educativa, nutricional y sanitaria. Y forma parte de la estrategia provincial de pol\u00edticas de desarrollo. Chaco cuenta con 125 dispositivos de car\u00e1cter social dispersos en la provincia que ofrecen contenci\u00f3n a cerca de 35 mil personas a trav\u00e9s de 63 unidades de seguimiento y monitoreo nutricional en toda la provincia.<\/p>\n\n\n\n<p>La instituci\u00f3n cuenta con un equipo de 13 operadores que realizan tareas administrativas, de limpieza, cocina, y tareas frente a las salas. Actualmente, cuenta con una matr\u00edcula de 153 ni\u00f1as, ni\u00f1os y adolescentes, de entre 1 y 13 a\u00f1os, de 54 familias de barrios aleda\u00f1os.<\/p>\n\n\n\n<figure class=\"wp-block-image\"><img decoding=\"async\" src=\"http:\/\/agenciafoco.com.ar\/media\/cache\/quality\/uploads\/noticias\/6111c4190356c936017242.jpg\" alt=\"\"\/><\/figure>\n\n\n\n<p>Por su parte, la directora del CIFF N\u00b04, Esther Piccoli Nelsi, se mostr\u00f3 agradecida por \u201cestas refacciones que esperamos por mucho tiempo, que nos van a servir para brindar un mejor servicio a los j\u00f3venes. Este CIFF funciona desde hace 53 a\u00f1os, por lo que han pasado muchas personas por aqu\u00ed, demostrando que es un trabajo importante para el fortalecimiento familiar de la zona\u201d.<\/p>\n\n\n\n<p>\u201cCon pol\u00edticas activas en materia de desarrollo social, podemos ver a trav\u00e9s de la renta m\u00ednima de car\u00e1cter progresivo, estrategias de inclusi\u00f3n social que permitan tener una plataforma para el derecho a la educaci\u00f3n, salud, alimentaci\u00f3n y m\u00faltiples derechos para garantizar un modelo que garantice y promueva la igualdad de oportunidades\u201d, finaliz\u00f3 Capitanich.<\/p>\n","protected":false},"excerpt":{"rendered":"<p>En Quitilipi, el gobernador Jorge Capitanich habilit\u00f3 las obras de refacci\u00f3n del sal\u00f3n de usos m\u00faltiples de la Escuela de Educaci\u00f3n T\u00e9cnica N\u00b0 18 \u201cMarta Magdalena Touceda\u201d y la refacci\u00f3n integral del Centro Integrador de Fortalecimiento Familiar (CIFF) N\u00b0 4 \u201cElena Terzich\u201d en el barrio Mataderos. \u201cEstamos trabajando en esta direcci\u00f3n: la de un Estado &hellip;<\/p>\n","protected":false},"author":2,"featured_media":36299,"comment_status":"open","ping_status":"open","sticky":false,"template":"","format":"standard","meta":{"_jetpack_memberships_contains_paid_content":false,"footnotes":"","jetpack_publicize_message":"","jetpack_publicize_feature_enabled":true,"jetpack_social_post_already_shared":true,"jetpack_social_options":{"image_generator_settings":{"template":"highway","default_image_id":0,"font":"","enabled":false},"version":2}},"categories":[5,12],"tags":[],"class_list":["post-36298","post","type-post","status-publish","format-standard","has-post-thumbnail","hentry","category-chaco","category-ultimo"],"jetpack_publicize_connections":[],"jetpack_featured_media_url":"https:\/\/portalmovil.com.ar\/wp-content\/uploads\/2021\/08\/6111c419017a6320646131.jpg","jetpack_sharing_enabled":true,"amp_enabled":true,"_links":{"self":[{"href":"https:\/\/portalmovil.com.ar\/index.php\/wp-json\/wp\/v2\/posts\/36298","targetHints":{"allow":["GET"]}}],"collection":[{"href":"https:\/\/portalmovil.com.ar\/index.php\/wp-json\/wp\/v2\/posts"}],"about":[{"href":"https:\/\/portalmovil.com.ar\/index.php\/wp-json\/wp\/v2\/types\/post"}],"author":[{"embeddable":true,"href":"https:\/\/portalmovil.com.ar\/index.php\/wp-json\/wp\/v2\/users\/2"}],"replies":[{"embeddable":true,"href":"https:\/\/portalmovil.com.ar\/index.php\/wp-json\/wp\/v2\/comments?post=36298"}],"version-history":[{"count":1,"href":"https:\/\/portalmovil.com.ar\/index.php\/wp-json\/wp\/v2\/posts\/36298\/revisions"}],"predecessor-version":[{"id":36300,"href":"https:\/\/portalmovil.com.ar\/index.php\/wp-json\/wp\/v2\/posts\/36298\/revisions\/36300"}],"wp:featuredmedia":[{"embeddable":true,"href":"https:\/\/portalmovil.com.ar\/index.php\/wp-json\/wp\/v2\/media\/36299"}],"wp:attachment":[{"href":"https:\/\/portalmovil.com.ar\/index.php\/wp-json\/wp\/v2\/media?parent=36298"}],"wp:term":[{"taxonomy":"category","embeddable":true,"href":"https:\/\/portalmovil.com.ar\/index.php\/wp-json\/wp\/v2\/categories?post=36298"},{"taxonomy":"post_tag","embeddable":true,"href":"https:\/\/portalmovil.com.ar\/index.php\/wp-json\/wp\/v2\/tags?post=36298"}],"curies":[{"name":"wp","href":"https:\/\/api.w.org\/{rel}","templated":true}]}}