{"id":36289,"date":"2021-08-10T02:30:50","date_gmt":"2021-08-10T05:30:50","guid":{"rendered":"https:\/\/portalmovil.com.ar\/?p=36289"},"modified":"2021-08-10T02:30:52","modified_gmt":"2021-08-10T05:30:52","slug":"pago-de-anses-quienes-cobran-hoy-martes-10-de-agosto","status":"publish","type":"post","link":"https:\/\/portalmovil.com.ar\/index.php\/2021\/08\/10\/pago-de-anses-quienes-cobran-hoy-martes-10-de-agosto\/","title":{"rendered":"Pago de Anses: qui\u00e9nes cobran hoy martes 10 de agosto"},"content":{"rendered":"\n<p>La ANSES informa que este martes se abonan\u00a0<strong>jubilaciones, pensiones, Asignaci\u00f3n Universal por Hijo, Asignaciones Familiares y los programas Progresar, Hogar, Alimentario PAMI y Repro II. <\/strong><\/p>\n\n\n\n<p>Cabe destacar que este mes se deposita, junto con los haberes mensuales, el bono de 5.000 pesos para titulares previsionales.<strong>\u00a0<\/strong><\/p>\n\n\n\n<p>As\u00ed, las personas que considerando la suma de todas sus prestaciones cobran hasta dos haberes m\u00ednimos (46.129,40 pesos) reciben el monto total y las que perciben entre 46.129,41 y 51.129,40 pesos, el equivalente hasta alcanzar esta \u00faltima cifra.<\/p>\n\n\n\n<h2 class=\"wp-block-heading\">ANSES: Jubilaciones y pensiones<\/h2>\n\n\n\n<p>Las sucursales bancarias habilitadas atender\u00e1n por ventanilla a jubilados, jubiladas, pensionados y pensionadas cuyos<strong>\u00a0haberes NO SUPEREN la suma de 25.923 pesos<\/strong>.<\/p>\n\n\n\n<h2 class=\"wp-block-heading\">ANSES: Programa Repro II AFIP<\/h2>\n\n\n\n<p>Este martes 10 de agosto se abona el pago a las y los beneficiarios del\u00a0<strong>Programa de Recuperaci\u00f3n Productiva II (REPRO II) de la AFIP<\/strong>, para dar alivio econ\u00f3mico a las compa\u00f1\u00edas y al personal afectado por la ca\u00edda de la actividad debido al Covid-19.<\/p>\n\n\n\n<h2 class=\"wp-block-heading\"><strong>ANSES: Programa Alimentario PAMI<\/strong><\/h2>\n\n\n\n<p>En el marco del<strong>\u00a0Programa Alimentario PAMI<\/strong>, la ANSES abona el pago extraordinario equivalente al monto del bols\u00f3n de alimentos, cuyos<strong>\u00a0haberes NO SUPEREN la suma de 25.923 pesos<\/strong>.<\/p>\n\n\n\n<h2 class=\"wp-block-heading\">ANSES: Programa Hogar<\/h2>\n\n\n\n<p>La ANSES y la Secretar\u00eda de Energ\u00eda impulsan en conjunto el<strong>\u00a0Programa Hogar<\/strong>, mediante el cual se otorga un subsidio para la compra de garrafas en viviendas que no est\u00e1n conectadas a la red de gas natural.<\/p>\n\n\n\n<h2 class=\"wp-block-heading\">ANSES: Programa Progresar<\/h2>\n\n\n\n<p>Con\u00a0<strong>Progresar<\/strong>, la ANSES y el Ministerio de Educaci\u00f3n garantizan el derecho de terminar los estudios a j\u00f3venes del pa\u00eds.<\/p>\n\n\n\n<h2 class=\"wp-block-heading\">ANSES: Asignaciones Familiares de PNC<\/h2>\n\n\n\n<p>Desde el lunes 9 de agosto y hasta el 10 de septiembre, se pagar\u00e1n las\u00a0<strong>Asignaciones Familiares de Pensiones No Contributivas (PNC).<\/strong><\/p>\n\n\n\n<h2 class=\"wp-block-heading\">ANSES: Asignaciones de Pago \u00danico<\/h2>\n\n\n\n<p>Desde el jueves 5 de agosto y hasta el 10 de septiembre se pagar\u00e1n las\u00a0<strong>Asignaciones de Pago \u00danico (Matrimonio, Adopci\u00f3n y Nacimiento)<\/strong>.<\/p>\n\n\n\n<h2 class=\"wp-block-heading\">ANSES: AUH y Asignaci\u00f3n Familiar por Hijo<\/h2>\n\n\n\n<p>Con la utilizaci\u00f3n de la tarjeta de d\u00e9bito, los titulares de la\u00a0<strong>Asignaci\u00f3n Universal por Hijo (AUH)\u00a0<\/strong>y la\u00a0<strong>Asignaci\u00f3n Familiar por Hijo\u00a0<\/strong>comenzar\u00e1n a recibir el beneficio.<\/p>\n\n\n\n<h2 class=\"wp-block-heading\">ANSES: Asignaci\u00f3n por Embarazo<\/h2>\n\n\n\n<p>Con la utilizaci\u00f3n de la tarjeta de d\u00e9bito, las titulares de la\u00a0<strong>Asignaci\u00f3n por Embarazo<\/strong>\u00a0comenzar\u00e1n a percibir el beneficio.<\/p>\n\n\n\n<h2 class=\"wp-block-heading\">ANSES: Asignaciones por Prenatal y por Maternidad<\/h2>\n\n\n\n<p>Las titulares de la\u00a0<strong>Asignaci\u00f3n por Prenatal<\/strong>\u00a0y\u00a0<strong>Asignaci\u00f3n por Maternidad<\/strong>\u00a0comenzar\u00e1n a cobrar su prestaci\u00f3n.<\/p>\n\n\n\n<h2 class=\"wp-block-heading\">Bono para jubilados: cu\u00e1ndo se cobra<\/h2>\n\n\n\n<p>Cabe destacar que este mes se deposita, junto con los haberes mensuales, el bono de 5.000 pesos para titulares previsionales. As\u00ed, las personas que considerando la suma de todas sus prestaciones cobran hasta dos haberes m\u00ednimos (46.129,40 pesos) cobran el monto total y las que perciben entre 46.129,41 y 51.129,40 pesos, el equivalente hasta alcanzar esta \u00faltima cifra.<\/p>\n\n\n\n<p>El Gobierno formaliz\u00f3 el pago de un bono de 5.000 pesos durante agosto para los jubilados, despu\u00e9s del anuncio que el presidente Alberto Fern\u00e1ndez hab\u00eda hecho el 13 de julio \u00faltimo.<\/p>\n\n\n\n<p>A trav\u00e9s del decreto 481\/2021 publicado en el Bolet\u00edn Oficial, el Poder Ejecutivo dispuso \u00abotorgar un subsidio extraordinario por un monto m\u00e1ximo de $5.000 que se abonar\u00e1 en el mes de agosto de 2021\u00bb.<\/p>\n","protected":false},"excerpt":{"rendered":"<p>La ANSES informa que este martes se abonan\u00a0jubilaciones, pensiones, Asignaci\u00f3n Universal por Hijo, Asignaciones Familiares y los programas Progresar, Hogar, Alimentario PAMI y Repro II. Cabe destacar que este mes se deposita, junto con los haberes mensuales, el bono de 5.000 pesos para titulares previsionales.\u00a0 As\u00ed, las personas que considerando la suma de todas sus &hellip;<\/p>\n","protected":false},"author":2,"featured_media":34506,"comment_status":"open","ping_status":"open","sticky":false,"template":"","format":"standard","meta":{"_jetpack_memberships_contains_paid_content":false,"footnotes":"","jetpack_publicize_message":"","jetpack_publicize_feature_enabled":true,"jetpack_social_post_already_shared":true,"jetpack_social_options":{"image_generator_settings":{"template":"highway","default_image_id":0,"font":"","enabled":false},"version":2}},"categories":[639,175],"tags":[],"class_list":["post-36289","post","type-post","status-publish","format-standard","has-post-thumbnail","hentry","category-argentina","category-economia"],"jetpack_publicize_connections":[],"jetpack_featured_media_url":"https:\/\/portalmovil.com.ar\/wp-content\/uploads\/2021\/07\/c9383ba1-c6ec-4e16-a568-c9f643904bb7.jpg","jetpack_sharing_enabled":true,"amp_enabled":true,"_links":{"self":[{"href":"https:\/\/portalmovil.com.ar\/index.php\/wp-json\/wp\/v2\/posts\/36289","targetHints":{"allow":["GET"]}}],"collection":[{"href":"https:\/\/portalmovil.com.ar\/index.php\/wp-json\/wp\/v2\/posts"}],"about":[{"href":"https:\/\/portalmovil.com.ar\/index.php\/wp-json\/wp\/v2\/types\/post"}],"author":[{"embeddable":true,"href":"https:\/\/portalmovil.com.ar\/index.php\/wp-json\/wp\/v2\/users\/2"}],"replies":[{"embeddable":true,"href":"https:\/\/portalmovil.com.ar\/index.php\/wp-json\/wp\/v2\/comments?post=36289"}],"version-history":[{"count":1,"href":"https:\/\/portalmovil.com.ar\/index.php\/wp-json\/wp\/v2\/posts\/36289\/revisions"}],"predecessor-version":[{"id":36290,"href":"https:\/\/portalmovil.com.ar\/index.php\/wp-json\/wp\/v2\/posts\/36289\/revisions\/36290"}],"wp:featuredmedia":[{"embeddable":true,"href":"https:\/\/portalmovil.com.ar\/index.php\/wp-json\/wp\/v2\/media\/34506"}],"wp:attachment":[{"href":"https:\/\/portalmovil.com.ar\/index.php\/wp-json\/wp\/v2\/media?parent=36289"}],"wp:term":[{"taxonomy":"category","embeddable":true,"href":"https:\/\/portalmovil.com.ar\/index.php\/wp-json\/wp\/v2\/categories?post=36289"},{"taxonomy":"post_tag","embeddable":true,"href":"https:\/\/portalmovil.com.ar\/index.php\/wp-json\/wp\/v2\/tags?post=36289"}],"curies":[{"name":"wp","href":"https:\/\/api.w.org\/{rel}","templated":true}]}}