{"id":36216,"date":"2021-08-09T16:40:00","date_gmt":"2021-08-09T19:40:00","guid":{"rendered":"https:\/\/portalmovil.com.ar\/?p=36216"},"modified":"2021-08-09T16:40:07","modified_gmt":"2021-08-09T19:40:07","slug":"una-chica-denuncio-que-la-bajaron-del-colectivo-por-el-escote-que-llevaba","status":"publish","type":"post","link":"https:\/\/portalmovil.com.ar\/index.php\/2021\/08\/09\/una-chica-denuncio-que-la-bajaron-del-colectivo-por-el-escote-que-llevaba\/","title":{"rendered":"Una chica denunci\u00f3 que la bajaron del colectivo por el escote que llevaba"},"content":{"rendered":"\n<p>Cristina Dur\u00e1n, una joven residente en Espa\u00f1a, denunci\u00f3 que fue discriminada por la vestimenta que utilizaba y no se le permiti\u00f3 abordar un autob\u00fas en Valencia.<\/p>\n\n\n\n<p>Dur\u00e1n relat\u00f3 los hechos en Twitter, afirmando que el pasado s\u00e1bado 7 de agosto intent\u00f3 abordar un bus de la Empresa Municipal de Transportes (EMT) de Valencia, pero le prohibieron ingresar al veh\u00edculo.<\/p>\n\n\n\n<p>\u00abMe han prohibido acceder a un autob\u00fas de Valencia por ir escotada y poder ofender a los pasajeros\u00bb, acus\u00f3 en la mencionada red social.<\/p>\n\n\n\n<p>En esa l\u00ednea, critic\u00f3 que \u00abno es un bikini, es un top y no voy ense\u00f1ando nada. Me he sentido discriminada, EMT Valencia\u00bb y agreg\u00f3 que \u00aben otros dos autobuses s\u00ed que he podido acceder. \u00bfNormativa o discriminaci\u00f3n?\u00bb.<\/p>\n\n\n\n<p>Tras lanzar los comentarios, su testimonio se hizo viral y la misma empresa sali\u00f3 al paso solicit\u00e1ndole m\u00e1s datos para poder \u00abinvestigar mejor qu\u00e9 ha ocurrido, para tomar las medidas necesarios (\u2026) sentimos la mala experiencia\u00bb.<\/p>\n\n\n\n<p>Por lo pronto, se desconoce en qu\u00e9 habr\u00e1 quedado el intercambio de mensajes entre la joven y la empresa local, pero su testimonio se hizo viral.<\/p>\n","protected":false},"excerpt":{"rendered":"<p>Cristina Dur\u00e1n, una joven residente en Espa\u00f1a, denunci\u00f3 que fue discriminada por la vestimenta que utilizaba y no se le permiti\u00f3 abordar un autob\u00fas en Valencia. Dur\u00e1n relat\u00f3 los hechos en Twitter, afirmando que el pasado s\u00e1bado 7 de agosto intent\u00f3 abordar un bus de la Empresa Municipal de Transportes (EMT) de Valencia, pero le &hellip;<\/p>\n","protected":false},"author":2,"featured_media":36217,"comment_status":"open","ping_status":"open","sticky":false,"template":"","format":"standard","meta":{"_jetpack_memberships_contains_paid_content":false,"footnotes":"","jetpack_publicize_message":"","jetpack_publicize_feature_enabled":true,"jetpack_social_post_already_shared":true,"jetpack_social_options":{"image_generator_settings":{"template":"highway","default_image_id":0,"font":"","enabled":false},"version":2}},"categories":[28,3],"tags":[],"class_list":["post-36216","post","type-post","status-publish","format-standard","has-post-thumbnail","hentry","category-actualidad","category-sociedad"],"jetpack_publicize_connections":[],"jetpack_featured_media_url":"https:\/\/portalmovil.com.ar\/wp-content\/uploads\/2021\/08\/escote1.jpg","jetpack_sharing_enabled":true,"amp_enabled":true,"_links":{"self":[{"href":"https:\/\/portalmovil.com.ar\/index.php\/wp-json\/wp\/v2\/posts\/36216","targetHints":{"allow":["GET"]}}],"collection":[{"href":"https:\/\/portalmovil.com.ar\/index.php\/wp-json\/wp\/v2\/posts"}],"about":[{"href":"https:\/\/portalmovil.com.ar\/index.php\/wp-json\/wp\/v2\/types\/post"}],"author":[{"embeddable":true,"href":"https:\/\/portalmovil.com.ar\/index.php\/wp-json\/wp\/v2\/users\/2"}],"replies":[{"embeddable":true,"href":"https:\/\/portalmovil.com.ar\/index.php\/wp-json\/wp\/v2\/comments?post=36216"}],"version-history":[{"count":1,"href":"https:\/\/portalmovil.com.ar\/index.php\/wp-json\/wp\/v2\/posts\/36216\/revisions"}],"predecessor-version":[{"id":36218,"href":"https:\/\/portalmovil.com.ar\/index.php\/wp-json\/wp\/v2\/posts\/36216\/revisions\/36218"}],"wp:featuredmedia":[{"embeddable":true,"href":"https:\/\/portalmovil.com.ar\/index.php\/wp-json\/wp\/v2\/media\/36217"}],"wp:attachment":[{"href":"https:\/\/portalmovil.com.ar\/index.php\/wp-json\/wp\/v2\/media?parent=36216"}],"wp:term":[{"taxonomy":"category","embeddable":true,"href":"https:\/\/portalmovil.com.ar\/index.php\/wp-json\/wp\/v2\/categories?post=36216"},{"taxonomy":"post_tag","embeddable":true,"href":"https:\/\/portalmovil.com.ar\/index.php\/wp-json\/wp\/v2\/tags?post=36216"}],"curies":[{"name":"wp","href":"https:\/\/api.w.org\/{rel}","templated":true}]}}