{"id":35949,"date":"2021-08-06T17:37:33","date_gmt":"2021-08-06T20:37:33","guid":{"rendered":"https:\/\/portalmovil.com.ar\/?p=35949"},"modified":"2021-08-06T17:37:36","modified_gmt":"2021-08-06T20:37:36","slug":"este-viernes-se-realizaron-las-historicas-pruebas-de-las-redes-de-agua-en-charata","status":"publish","type":"post","link":"https:\/\/portalmovil.com.ar\/index.php\/2021\/08\/06\/este-viernes-se-realizaron-las-historicas-pruebas-de-las-redes-de-agua-en-charata\/","title":{"rendered":"Este viernes se realizaron las hist\u00f3ricas pruebas de las redes de agua en Charata"},"content":{"rendered":"\n<p>El gerente de Planificaci\u00f3n de Sameep, Ricardo Requena estim\u00f3 que para principios de octubre, la localidad contar\u00e1 con agua potable producida en la nueva planta de Barranqueras. La intendenta Mar\u00eda Luisa Chomiak destac\u00f3 que la obra del Segundo Acueducto es la \u00abm\u00e1s importante de todo el norte argentino\u00bb.<\/p>\n\n\n\n<p>Tras las hist\u00f3ricas pruebas de las redes en Charata, el gerente de Planificaci\u00f3n de Sameep, Ricardo Requena, destac\u00f3 la \u00abdecisi\u00f3n pol\u00edtica\u00bb de los gobiernos provincial y nacional para avanzar con la ejecuci\u00f3n del Segundo Acueducto del Interior, una obra trascendental y largamente anhelada por buena parte Chaco. As\u00ed, asegur\u00f3 que \u00abla idea es que para principios de octubre, fecha que coincide con el aniversario de la localidad, tengamos agua potable, producida en la planta de Barranqueras, circulando por las redes\u00bb.&nbsp;<\/p>\n\n\n\n<p>El gerente de la empresa estatal subray\u00f3 que \u00abdesde hace un a\u00f1o y medio, el financiamiento nunca se cort\u00f3, se le dio a la obra el flujo necesario para que los constructores puedan avanzar en virtud de una decisi\u00f3n pol\u00edtica provincial y nacional y ahora se ven los frutos\u00bb. En septiembre de 2015 se hab\u00eda terminado el tramo troncal del Segundo Acueducto, desde Barranqueras a S\u00e1enz Pe\u00f1a, y un mes m\u00e1s tarde se habilit\u00f3 ese acueducto con agua producida en el \u00e1rea metropolitana pero no la planta de la ciudad portuaria. Hoy, este l\u00edquido llega adem\u00e1s a La Tigra, La Clotilde, San Bernardo, Villa \u00c1ngela, Coronel Du Graty y Santa Sylvina.<\/p>\n\n\n\n<p>Desde 2015 a 2019, la obra tuvo muy pocos avances, pero en el \u00faltimo a\u00f1o y medio se logr\u00f3 terminar el acueducto desde S\u00e1enz Pe\u00f1a hasta General Pinedo. En este momento se est\u00e1 produciendo la carga del ca\u00f1o que va desde la ciudad Termal hasta Charata, esto implica unos 50 millones de litros.<\/p>\n\n\n\n<p>\u00daltimos pasos<\/p>\n\n\n\n<p>\u00abUna vez que se llene ese ca\u00f1o, ahora se est\u00e1 purgando en algunos lugares, podr\u00edamos llegar a Charata: hoy hicimos una prueba de las redes que es una obra paralela al Acueducto\u00bb, explic\u00f3 Requena en declaraciones a Radio Provincia. En ese marco, detall\u00f3 que Charata es beneficiada ya que es la primer en concluir plan de redes, que est\u00e1 compuesta por 9000 conexiones domiciliarias y 150 kil\u00f3metros de redes internas. \u00abComo va llegar el agua sustentable a fines de septiembre, ya con l\u00edquido producido en la planta de Barranqueras, necesitamos ir probando las redes con agua acopiada en la cisterna de Charata como para detectar p\u00e9rdidas o fallas\u00bb, indic\u00f3.<\/p>\n\n\n\n<p>Despu\u00e9s de identificadas y reparadas las fallas o p\u00e9rdidas, llega la etapa de la desinfecci\u00f3n de las ca\u00f1er\u00edas que se realiza utilizando agua con cloro. \u00abHoy estamos en el primer paso, que es probar que no haya p\u00e9rdidas; el pr\u00f3ximos viernes se estar\u00eda probando la llegada de agua por el acueducto, lo que ser\u00e1 el inicio formal de la \u00ablimpieza\u00bb del ducto y las redes; luego llegar\u00e1 el tiempo de la desinfecci\u00f3n y, a fines de septiembre llegar\u00eda el agua para consumir\u00bb, puntualiz\u00f3.<\/p>\n\n\n\n<p>Jornada hist\u00f3rica<\/p>\n\n\n\n<p>Por su parte, la intendenta de Charata, Mar\u00eda Luisa Chomiak, se mostr\u00f3 \u00abmuy emocionada\u00bb y record\u00f3 que&nbsp; se ha \u00abtrabajado durante mucho tiempo en estas obras de las redes finas, a la espera de la m\u00e1s importante no solo del Chaco, sino del Norte Argentino como es el Segundo Acueducto que nos va a traer nada m\u00e1s y nada menos que el agua potable\u201d.<\/p>\n\n\n\n<p>Acompa\u00f1aron el titular de la empresa Sameep, Leonardo Aguzin; el vocal, Ra\u00fal Acosta; el jefe de Zona III, Julio Ben\u00edtez; la presidenta del Concejo, Alejandra Campos, concejales y funcionarios municipales. \u201cSabemos que a pesar de las demoras que hubo, esta obra tan anhelada, hoy es una realidad que en muy poco tiempo llegar\u00e1 a todos los vecinos de nuestra ciudad, agradezco a quienes hicieron posible la obra, a los que invirtieron los recursos, a quienes la pensaron.<\/p>\n","protected":false},"excerpt":{"rendered":"<p>El gerente de Planificaci\u00f3n de Sameep, Ricardo Requena estim\u00f3 que para principios de octubre, la localidad contar\u00e1 con agua potable producida en la nueva planta de Barranqueras. La intendenta Mar\u00eda Luisa Chomiak destac\u00f3 que la obra del Segundo Acueducto es la \u00abm\u00e1s importante de todo el norte argentino\u00bb. Tras las hist\u00f3ricas pruebas de las redes &hellip;<\/p>\n","protected":false},"author":2,"featured_media":35950,"comment_status":"open","ping_status":"open","sticky":false,"template":"","format":"standard","meta":{"_jetpack_memberships_contains_paid_content":false,"footnotes":"","jetpack_publicize_message":"","jetpack_publicize_feature_enabled":true,"jetpack_social_post_already_shared":true,"jetpack_social_options":{"image_generator_settings":{"template":"highway","default_image_id":0,"font":"","enabled":false},"version":2}},"categories":[28,5],"tags":[],"class_list":["post-35949","post","type-post","status-publish","format-standard","has-post-thumbnail","hentry","category-actualidad","category-chaco"],"jetpack_publicize_connections":[],"jetpack_featured_media_url":"https:\/\/portalmovil.com.ar\/wp-content\/uploads\/2021\/08\/20210806_173618.jpg","jetpack_sharing_enabled":true,"amp_enabled":true,"_links":{"self":[{"href":"https:\/\/portalmovil.com.ar\/index.php\/wp-json\/wp\/v2\/posts\/35949","targetHints":{"allow":["GET"]}}],"collection":[{"href":"https:\/\/portalmovil.com.ar\/index.php\/wp-json\/wp\/v2\/posts"}],"about":[{"href":"https:\/\/portalmovil.com.ar\/index.php\/wp-json\/wp\/v2\/types\/post"}],"author":[{"embeddable":true,"href":"https:\/\/portalmovil.com.ar\/index.php\/wp-json\/wp\/v2\/users\/2"}],"replies":[{"embeddable":true,"href":"https:\/\/portalmovil.com.ar\/index.php\/wp-json\/wp\/v2\/comments?post=35949"}],"version-history":[{"count":1,"href":"https:\/\/portalmovil.com.ar\/index.php\/wp-json\/wp\/v2\/posts\/35949\/revisions"}],"predecessor-version":[{"id":35951,"href":"https:\/\/portalmovil.com.ar\/index.php\/wp-json\/wp\/v2\/posts\/35949\/revisions\/35951"}],"wp:featuredmedia":[{"embeddable":true,"href":"https:\/\/portalmovil.com.ar\/index.php\/wp-json\/wp\/v2\/media\/35950"}],"wp:attachment":[{"href":"https:\/\/portalmovil.com.ar\/index.php\/wp-json\/wp\/v2\/media?parent=35949"}],"wp:term":[{"taxonomy":"category","embeddable":true,"href":"https:\/\/portalmovil.com.ar\/index.php\/wp-json\/wp\/v2\/categories?post=35949"},{"taxonomy":"post_tag","embeddable":true,"href":"https:\/\/portalmovil.com.ar\/index.php\/wp-json\/wp\/v2\/tags?post=35949"}],"curies":[{"name":"wp","href":"https:\/\/api.w.org\/{rel}","templated":true}]}}