{"id":35847,"date":"2021-08-05T21:23:32","date_gmt":"2021-08-06T00:23:32","guid":{"rendered":"https:\/\/portalmovil.com.ar\/?p=35847"},"modified":"2021-08-05T21:23:36","modified_gmt":"2021-08-06T00:23:36","slug":"murieron-15-ancianos-en-el-geriatrico-de-un-ex-sacerdote-antivacunas-que-habia-sido-juzgado-por-abusos","status":"publish","type":"post","link":"https:\/\/portalmovil.com.ar\/index.php\/2021\/08\/05\/murieron-15-ancianos-en-el-geriatrico-de-un-ex-sacerdote-antivacunas-que-habia-sido-juzgado-por-abusos\/","title":{"rendered":"Murieron 15 ancianos en el geri\u00e1trico de un ex sacerdote antivacunas que hab\u00eda sido juzgado por abusos"},"content":{"rendered":"\n<p>El terrible hecho ocurri\u00f3 en la ciudad mendocina de San Rafael y fue denunciado por la regional local de la Asamblea Permanente por los Derechos Humanos.<\/p>\n\n\n\n<p>Al menos\u00a0<strong>15 adultos mayores fallecieron por coronavirus en un geri\u00e1trico que es comandado por un exsacerdote antivacunas<\/strong>, denunci\u00f3 este jueves la Asamblea Permanente por los\u00a0Derechos Humanos. Los ancianos no hab\u00edan sido vacunados.<\/p>\n\n\n\n<p>El organismo explic\u00f3 que las muertes ocurrieron durante el mes de junio en el Hogar San Luis Gonzaga de Monte Coman, ubicado en la ciudad mendocina de San Rafael, lo que\u00a0<strong>calific\u00f3 como un \u00abterrible suceso\u00bb<\/strong>.<\/p>\n\n\n\n<p>La APDH hizo p\u00fablica la denuncia durante el conversatorio titulado \u00abSituaci\u00f3n de los adultos mayores en Argentina\u00bb, en el cual se lament\u00f3 que \u00abeste terrible suceso\u00bb no haya tenido mayor difusi\u00f3n y su preocupaci\u00f3n por&nbsp;<strong>\u00abla falta de respuesta a los pedidos de informaci\u00f3n y adjudicaci\u00f3n de responsabilidades\u00bb<\/strong>.<\/p>\n\n\n\n<figure class=\"wp-block-image size-large\"><img loading=\"lazy\" decoding=\"async\" width=\"672\" height=\"459\" src=\"https:\/\/portalmovil.com.ar\/wp-content\/uploads\/2021\/08\/ex-curajpg.jpg\" alt=\"\" class=\"wp-image-35848\" srcset=\"https:\/\/portalmovil.com.ar\/wp-content\/uploads\/2021\/08\/ex-curajpg.jpg 672w, https:\/\/portalmovil.com.ar\/wp-content\/uploads\/2021\/08\/ex-curajpg-300x205.jpg 300w, https:\/\/portalmovil.com.ar\/wp-content\/uploads\/2021\/08\/ex-curajpg-130x90.jpg 130w\" sizes=\"auto, (max-width: 672px) 100vw, 672px\" \/><\/figure>\n\n\n\n<p>Seg\u00fan la denuncia realizada por el organismo de Mendoza, las muertes ocurrieron \u00aben el lapso de tres o cuatro d\u00edas\u00bb y \u00abninguno de los fallecidos estaba vacunado contra el Covid\u00bb, dado que el hogar es\u00a0<strong>regenteado por el ex sacerdote Fernando Y\u00e1\u00f1ez, quien hizo p\u00fablica su postura antivacunas<\/strong>.<\/p>\n\n\n\n<p>Cristina Lattanzio, de la regional mendocina de la APDH, realiz\u00f3 una denuncia por abandono de persona, en una causa caratulada como \u00abaveriguaci\u00f3n de causales de muerte\u00bb, pero \u201c<strong>existiendo la posibilidad de que se haya incumplido el protocolo de Covid en\u00a0geri\u00e1tricos, se cambi\u00f3 a\u00a0homicidio culposo<\/strong>\u00a0\u201d.<\/p>\n\n\n\n<p>No es la primera vez que Y\u00e1\u00f1ez est\u00e1 en la mira de los medios ni de la Justicia: en 2019 estuvo en el banquillo de los&nbsp;<strong>acusados por dos delitos de abuso contra menores<\/strong>, ocurridos en 2013, pero lo absolvieron.<\/p>\n\n\n\n<p>Sin embargo, la Di\u00f3cesis de San Rafael&nbsp;<strong>lo redujo al \u00abestado laical\u00bb, la pena m\u00e1xima que se le puede aplicar a un sacerdote<\/strong>, fuera de la excomuni\u00f3n, seg\u00fan lo establece el derecho can\u00f3nico.<\/p>\n\n\n\n<p><\/p>\n","protected":false},"excerpt":{"rendered":"<p>Al menos 15 adultos mayores fallecieron por coronavirus en un geri\u00e1trico que es comandado por un exsacerdote antivacunas, denunci\u00f3 este jueves la Asamblea Permanente por los Derechos Humanos. Los ancianos no hab\u00edan sido vacunados.<\/p>\n","protected":false},"author":2,"featured_media":35849,"comment_status":"open","ping_status":"open","sticky":false,"template":"","format":"standard","meta":{"_jetpack_memberships_contains_paid_content":false,"footnotes":"","jetpack_publicize_message":"","jetpack_publicize_feature_enabled":true,"jetpack_social_post_already_shared":true,"jetpack_social_options":{"image_generator_settings":{"template":"highway","default_image_id":0,"font":"","enabled":false},"version":2}},"categories":[3],"tags":[],"class_list":["post-35847","post","type-post","status-publish","format-standard","has-post-thumbnail","hentry","category-sociedad"],"jetpack_publicize_connections":[],"jetpack_featured_media_url":"https:\/\/portalmovil.com.ar\/wp-content\/uploads\/2021\/08\/hogar-ancianosjpg.jpg","jetpack_sharing_enabled":true,"amp_enabled":true,"_links":{"self":[{"href":"https:\/\/portalmovil.com.ar\/index.php\/wp-json\/wp\/v2\/posts\/35847","targetHints":{"allow":["GET"]}}],"collection":[{"href":"https:\/\/portalmovil.com.ar\/index.php\/wp-json\/wp\/v2\/posts"}],"about":[{"href":"https:\/\/portalmovil.com.ar\/index.php\/wp-json\/wp\/v2\/types\/post"}],"author":[{"embeddable":true,"href":"https:\/\/portalmovil.com.ar\/index.php\/wp-json\/wp\/v2\/users\/2"}],"replies":[{"embeddable":true,"href":"https:\/\/portalmovil.com.ar\/index.php\/wp-json\/wp\/v2\/comments?post=35847"}],"version-history":[{"count":1,"href":"https:\/\/portalmovil.com.ar\/index.php\/wp-json\/wp\/v2\/posts\/35847\/revisions"}],"predecessor-version":[{"id":35850,"href":"https:\/\/portalmovil.com.ar\/index.php\/wp-json\/wp\/v2\/posts\/35847\/revisions\/35850"}],"wp:featuredmedia":[{"embeddable":true,"href":"https:\/\/portalmovil.com.ar\/index.php\/wp-json\/wp\/v2\/media\/35849"}],"wp:attachment":[{"href":"https:\/\/portalmovil.com.ar\/index.php\/wp-json\/wp\/v2\/media?parent=35847"}],"wp:term":[{"taxonomy":"category","embeddable":true,"href":"https:\/\/portalmovil.com.ar\/index.php\/wp-json\/wp\/v2\/categories?post=35847"},{"taxonomy":"post_tag","embeddable":true,"href":"https:\/\/portalmovil.com.ar\/index.php\/wp-json\/wp\/v2\/tags?post=35847"}],"curies":[{"name":"wp","href":"https:\/\/api.w.org\/{rel}","templated":true}]}}