{"id":35843,"date":"2021-08-05T21:16:42","date_gmt":"2021-08-06T00:16:42","guid":{"rendered":"https:\/\/portalmovil.com.ar\/?p=35843"},"modified":"2021-08-05T21:16:44","modified_gmt":"2021-08-06T00:16:44","slug":"el-presidente-retorno-a-casa-rosada-y-define-nuevos-ministros-y-dnu-por-covid","status":"publish","type":"post","link":"https:\/\/portalmovil.com.ar\/index.php\/2021\/08\/05\/el-presidente-retorno-a-casa-rosada-y-define-nuevos-ministros-y-dnu-por-covid\/","title":{"rendered":"El Presidente retorn\u00f3 a Casa Rosada y define nuevos ministros y DNU por Covid"},"content":{"rendered":"\n<p>Alberto Fern\u00e1ndez viaj\u00f3 para asistir a la asunci\u00f3n del presidente Pedro Castillo y tras su regreso decidi\u00f3 permanecer aislado en la Quinta de Olivos, de acuerdo con las normas establecidas por el Ministerio de Salud de la Naci\u00f3n.<\/p>\n\n\n\n<p>El presidente Alberto Fern\u00e1ndez retorn\u00f3 a la Casa de Gobierno luego de su per\u00edodo de aislamiento tras su viaje oficial a Per\u00fa, con dos temas a resolver en el horizonte, como son la pr\u00f3rroga del Decreto de Necesidad y Urgencia (DNU)&nbsp;<strong>que establece restricciones para frenar los casos de coronavirus, en especial para la variante Delta, que vence el viernes, y la definici\u00f3n de los reemplazos de los ministros de Desarrollo Social Daniel Arroyo; y de Defensa Agust\u00edn Rossi<\/strong>; precandidatos a ocupar cargos legislativos en las pr\u00f3ximas elecciones.<\/p>\n\n\n\n<p>La decisi\u00f3n de mover de sus cargos a esos funcionarios fue del propio mandatario, quien el 28 del mes pasado dijo en declaraciones televisivas que&nbsp;<strong>\u00abtodos\u00bb los funcionarios que son precandidatos para las elecciones primarias abiertas, simult\u00e1neas y obligatorias (PASO) del 12 de septiembre pr\u00f3ximo \u00abdeben dejar sus cargos\u00bb para hacer frente a la campa\u00f1a electoral y, en caso de ganar, asumir en sus bancas legislativas, porque se trata de \u00abuna regla \u00e9tica\u00bb<\/strong>.<\/p>\n\n\n\n<p><strong>Arroyo&nbsp;<\/strong>es el decimosegundo precandidato a diputado nacional en la lista del Frente de Todos (FdT) por la provincia de Buenos Aires y&nbsp;<strong>Rossi&nbsp;<\/strong>el primer precandidato a senador nacional por Santa Fe, secundado por la vicegobernadora Alejandra Rodenas, por la agrupaci\u00f3n \u00abLa Santa Fe que queremos\u00bb.<\/p>\n\n\n\n<p>Esa f\u00f3rmula confrontar\u00e1 con la lista lista \u00abCeleste y Blanca\u00bb del FdT, promovida por el gobernador Omar Perotti y que lleva como candidatos al periodista deportivo Marcelo Lewandowski y a la actual senadora Mar\u00eda de los \u00c1ngeles Sacnun; quienes tienen tambi\u00e9n el aval del Presidente y que hoy fueron recibidos por la vicepresidenta Cristina Fern\u00e1ndez de Kirchner, en la sede del Instituto Patria, junto a los candidatos a diputados nacionales por ese distrito Roberto Mirabella y Magal\u00ed Mastaler.<\/p>\n\n\n\n<p>A nivel provincial ya renunci\u00f3 Daniel Gollan como ministro de Salud bonaerense, para dedicarse a la campa\u00f1a para posicionar a su lista, de la que tambi\u00e9n es parte Arroyo, aunque en su caso desde el segundo lugar, detr\u00e1s de la platense Victoria Tolosa Paz, quien tambi\u00e9n dejar\u00e1 su cargo como titular del Consejo de Pol\u00edticas Sociales.<\/p>\n\n\n\n<p>Las medidas sanitarias<br>Adem\u00e1s, el mandatario&nbsp;<strong>deber\u00e1 definir si prorroga este viernes el DNU 287\/21 que establece medidas sanitarias para mitigar el impacto del coronavirus en el pa\u00eds<\/strong>, y en ese sentido recibi\u00f3 en la tarde del jueves en su despacho a la ministra de Salud, Carla Vizzotti; a la asesora presidencial Cecilia Nicolini; y a la secretaria Legal y T\u00e9cnica, Vilma Ibarra; para delinearlo y analizar eventuales cambios.<\/p>\n\n\n\n<p>A su vez, el jefe de Gabinete, Santiago Cafiero, emitir\u00e1 una nueva Decisi\u00f3n Administrativa (DA) para determinar el cupo de pasajeros argentinos o residentes diarios que podr\u00e1n ingresar al pa\u00eds por v\u00eda a\u00e9rea.<\/p>\n\n\n\n<p>En esa l\u00ednea, la titular de la Direcci\u00f3n Nacional de Migraciones, Florencia Carignano, adelant\u00f3 que ese organismo volver\u00e1 a habilitar desde el s\u00e1bado pr\u00f3ximo el tr\u00e1mite de reunificaci\u00f3n familiar, que permitir\u00e1 el ingreso al territorio nacional de extranjeros que sean familiares directos de argentinos nativos o extranjero residente y que puedan acreditar tal circunstancia, informaron fuentes del Ministerio del Interior, cartera que tiene esa oficina a su cargo.<\/p>\n\n\n\n<p>Esos viajantes deber\u00e1n ingresar por el Aeroparque Jorge Newbery, Aeropuerto de San Fernando, Aeropuerto Internacional de Ezeiza o la Terminal de Buqueb\u00fas del Puerto de Buenos Aires.<\/p>\n\n\n\n<p>Tambi\u00e9n Carignano dijo en Radio La Red que se estudia autorizar el ingreso al pa\u00eds de turistas extranjeros que \u00abse hayan aplicado las dos dosis\u00bb de las vacunas contra el coronavirus y luego de haber cumplido \u00abuna cuarentena\u00bb, con el objetivo de \u00abmover\u00bb la actividad, una de las m\u00e1s afectadas por la pandemia, y mencion\u00f3 que esa mec\u00e1nica se utiliza en Uruguay y en los pa\u00edses de la Uni\u00f3n Europea.<\/p>\n\n\n\n<p>El Presidente volvi\u00f3 esta tarde a las actividades presenciales luego de resultar negativo un nuevo test PCR contra el coronavirus y tras haber cumplido el aislamiento preventivo desde su llegada de Per\u00fa, el jueves pasado, adonde asisti\u00f3 a la asunci\u00f3n del presidente de ese pa\u00eds Pedro Castillo.<\/p>\n\n\n\n<figure class=\"wp-block-image size-large\"><img loading=\"lazy\" decoding=\"async\" width=\"1024\" height=\"585\" src=\"https:\/\/portalmovil.com.ar\/wp-content\/uploads\/2021\/08\/Fernandez-barbijo-1024x585.jpg\" alt=\"\" class=\"wp-image-35844\" srcset=\"https:\/\/portalmovil.com.ar\/wp-content\/uploads\/2021\/08\/Fernandez-barbijo-1024x585.jpg 1024w, https:\/\/portalmovil.com.ar\/wp-content\/uploads\/2021\/08\/Fernandez-barbijo-300x172.jpg 300w, https:\/\/portalmovil.com.ar\/wp-content\/uploads\/2021\/08\/Fernandez-barbijo-768x439.jpg 768w, https:\/\/portalmovil.com.ar\/wp-content\/uploads\/2021\/08\/Fernandez-barbijo.jpg 1081w\" sizes=\"auto, (max-width: 1024px) 100vw, 1024px\" \/><\/figure>\n\n\n\n<p>El mandatario arrib\u00f3 a las 13.10 en autom\u00f3vil desde la Quinta Presidencial de Olivos, en lugar de su traslado habitual en helic\u00f3ptero, debido a una intensa niebla sobre Buenos Aires.<\/p>\n\n\n\n<p>\u00abHabi\u00e9ndose realizado el test de PCR y atento al resultado de dicho estudio, siendo este negativo, el Primer Mandatario retoma sus actividades habituales de manera presencial\u00bb, se indic\u00f3 en un comunicado de la Unidad M\u00e9dica Presidencial, que lleva la firma de su titular, Federico Saavedra.<\/p>\n\n\n\n<p>Tras retornar el jueves pasado desde Per\u00fa, Fern\u00e1ndez se efectu\u00f3 un testeo que dio negativo y desde ese momento cumpl\u00eda el aislamiento en Olivos.<\/p>\n\n\n\n<p>Si bien est\u00e1 exceptuado de la exigencia del aislamiento por ser personal esencial, el jefe de Estado decidi\u00f3 cumplir el aislamiento obligatorio, de acuerdo con las normas establecidas por el Ministerio de Salud.<\/p>\n\n\n\n<p><\/p>\n","protected":false},"excerpt":{"rendered":"<p>Alberto Fern\u00e1ndez viaj\u00f3 para asistir a la asunci\u00f3n del presidente Pedro Castillo y tras su regreso decidi\u00f3 permanecer aislado en la Quinta de Olivos, de acuerdo con las normas establecidas por el Ministerio de Salud de la Naci\u00f3n<\/p>\n","protected":false},"author":2,"featured_media":35845,"comment_status":"open","ping_status":"open","sticky":false,"template":"","format":"standard","meta":{"_jetpack_memberships_contains_paid_content":false,"footnotes":"","jetpack_publicize_message":"","jetpack_publicize_feature_enabled":true,"jetpack_social_post_already_shared":true,"jetpack_social_options":{"image_generator_settings":{"template":"highway","default_image_id":0,"font":"","enabled":false},"version":2}},"categories":[14],"tags":[],"class_list":["post-35843","post","type-post","status-publish","format-standard","has-post-thumbnail","hentry","category-politica"],"jetpack_publicize_connections":[],"jetpack_featured_media_url":"https:\/\/portalmovil.com.ar\/wp-content\/uploads\/2021\/08\/60c271ce41bad.06.2021-captura-565_1004x565.jpg","jetpack_sharing_enabled":true,"amp_enabled":true,"_links":{"self":[{"href":"https:\/\/portalmovil.com.ar\/index.php\/wp-json\/wp\/v2\/posts\/35843","targetHints":{"allow":["GET"]}}],"collection":[{"href":"https:\/\/portalmovil.com.ar\/index.php\/wp-json\/wp\/v2\/posts"}],"about":[{"href":"https:\/\/portalmovil.com.ar\/index.php\/wp-json\/wp\/v2\/types\/post"}],"author":[{"embeddable":true,"href":"https:\/\/portalmovil.com.ar\/index.php\/wp-json\/wp\/v2\/users\/2"}],"replies":[{"embeddable":true,"href":"https:\/\/portalmovil.com.ar\/index.php\/wp-json\/wp\/v2\/comments?post=35843"}],"version-history":[{"count":1,"href":"https:\/\/portalmovil.com.ar\/index.php\/wp-json\/wp\/v2\/posts\/35843\/revisions"}],"predecessor-version":[{"id":35846,"href":"https:\/\/portalmovil.com.ar\/index.php\/wp-json\/wp\/v2\/posts\/35843\/revisions\/35846"}],"wp:featuredmedia":[{"embeddable":true,"href":"https:\/\/portalmovil.com.ar\/index.php\/wp-json\/wp\/v2\/media\/35845"}],"wp:attachment":[{"href":"https:\/\/portalmovil.com.ar\/index.php\/wp-json\/wp\/v2\/media?parent=35843"}],"wp:term":[{"taxonomy":"category","embeddable":true,"href":"https:\/\/portalmovil.com.ar\/index.php\/wp-json\/wp\/v2\/categories?post=35843"},{"taxonomy":"post_tag","embeddable":true,"href":"https:\/\/portalmovil.com.ar\/index.php\/wp-json\/wp\/v2\/tags?post=35843"}],"curies":[{"name":"wp","href":"https:\/\/api.w.org\/{rel}","templated":true}]}}