{"id":35830,"date":"2021-08-05T20:55:36","date_gmt":"2021-08-05T23:55:36","guid":{"rendered":"https:\/\/portalmovil.com.ar\/?p=35830"},"modified":"2021-08-05T20:55:38","modified_gmt":"2021-08-05T23:55:38","slug":"los-vacunados-con-moderna-necesitaran-una-tercera-dosis","status":"publish","type":"post","link":"https:\/\/portalmovil.com.ar\/index.php\/2021\/08\/05\/los-vacunados-con-moderna-necesitaran-una-tercera-dosis\/","title":{"rendered":"Los vacunados con Moderna necesitar\u00e1n una tercera dosis"},"content":{"rendered":"\n<p>Deber\u00eda ser aplicada antes de fin de a\u00f1o en el hemisferio norte cuando transcurran el oto\u00f1o y el invierno boreal.<\/p>\n\n\n\n<p>El laboratorio estadounidense\u00a0Moderna\u00a0asegur\u00f3 este jueves que ser\u00e1 necesaria una tercera dosis de su\u00a0vacuna contra el coronavirus\u00a0antes de fin de a\u00f1o debido al probable incremento de contagios provocado por la variante\u00a0delta.<\/p>\n\n\n\n<p><strong>\u00abCreemos que una tercera dosis de refuerzo probablemente ser\u00e1 necesaria entre septiembre y diciembre, particularmente debido a variante Delta<\/strong>\u00ab, se\u00f1al\u00f3 la empresa, que ha obtenido datos prometedores de protecci\u00f3n con una dosis de 50 microgramos y espera los de otra dosis de 100.<\/p>\n\n\n\n<p>Moderna opin\u00f3 que \u00abl<strong>a fuerza de infecci\u00f3n incrementada resultante de delta\u00bb, la \u00abfatiga\u00bb por las acciones de prevenci\u00f3n y los \u00abefectos estacionales<\/strong>\u00ab, como pasar m\u00e1s tiempo en interiores, \u00ab<strong>llevar\u00e1n a un aumento de infecciones irruptivas en personas vacunadas<\/strong>\u00ab.<\/p>\n\n\n\n<figure class=\"wp-block-image size-large\"><img loading=\"lazy\" decoding=\"async\" width=\"689\" height=\"459\" src=\"https:\/\/portalmovil.com.ar\/wp-content\/uploads\/2021\/08\/vacunas-moderna.jpeg\" alt=\"\" class=\"wp-image-35831\" srcset=\"https:\/\/portalmovil.com.ar\/wp-content\/uploads\/2021\/08\/vacunas-moderna.jpeg 689w, https:\/\/portalmovil.com.ar\/wp-content\/uploads\/2021\/08\/vacunas-moderna-300x200.jpeg 300w\" sizes=\"auto, (max-width: 689px) 100vw, 689px\" \/><\/figure>\n\n\n\n<p>Moderna tiene expectativas de que la eficacia del 93 % de su vacuna contra el\u00a0COVID-19\u00a0que comprob\u00f3 tras la pauta de dos dosis empiece a \u00ab<strong>decaer<\/strong>\u00bb a partir de los seis meses \u00ab<strong>y eventualmente impacte<\/strong>\u00bb esos resultados. \u00ab<strong>Dada esta intersecci\u00f3n, creemos que una tercera dosis de refuerzo probablemente ser\u00e1 necesaria antes de fin de a\u00f1o<\/strong>\u00ab, insisti\u00f3 el laboratorio.<\/p>\n","protected":false},"excerpt":{"rendered":"<p>El laboratorio estadounidense Moderna asegur\u00f3 este jueves que ser\u00e1 necesaria una tercera dosis de su vacuna contra el coronavirus antes de fin de a\u00f1o debido al probable incremento de contagios provocado por la variante delta.<\/p>\n","protected":false},"author":2,"featured_media":35832,"comment_status":"open","ping_status":"open","sticky":false,"template":"","format":"standard","meta":{"_jetpack_memberships_contains_paid_content":false,"footnotes":"","jetpack_publicize_message":"","jetpack_publicize_feature_enabled":true,"jetpack_social_post_already_shared":true,"jetpack_social_options":{"image_generator_settings":{"template":"highway","default_image_id":0,"font":"","enabled":false},"version":2}},"categories":[46],"tags":[],"class_list":["post-35830","post","type-post","status-publish","format-standard","has-post-thumbnail","hentry","category-salud"],"jetpack_publicize_connections":[],"jetpack_featured_media_url":"https:\/\/portalmovil.com.ar\/wp-content\/uploads\/2021\/08\/1435510244-k8AG-1200x630@abc.jpg","jetpack_sharing_enabled":true,"amp_enabled":true,"_links":{"self":[{"href":"https:\/\/portalmovil.com.ar\/index.php\/wp-json\/wp\/v2\/posts\/35830","targetHints":{"allow":["GET"]}}],"collection":[{"href":"https:\/\/portalmovil.com.ar\/index.php\/wp-json\/wp\/v2\/posts"}],"about":[{"href":"https:\/\/portalmovil.com.ar\/index.php\/wp-json\/wp\/v2\/types\/post"}],"author":[{"embeddable":true,"href":"https:\/\/portalmovil.com.ar\/index.php\/wp-json\/wp\/v2\/users\/2"}],"replies":[{"embeddable":true,"href":"https:\/\/portalmovil.com.ar\/index.php\/wp-json\/wp\/v2\/comments?post=35830"}],"version-history":[{"count":1,"href":"https:\/\/portalmovil.com.ar\/index.php\/wp-json\/wp\/v2\/posts\/35830\/revisions"}],"predecessor-version":[{"id":35833,"href":"https:\/\/portalmovil.com.ar\/index.php\/wp-json\/wp\/v2\/posts\/35830\/revisions\/35833"}],"wp:featuredmedia":[{"embeddable":true,"href":"https:\/\/portalmovil.com.ar\/index.php\/wp-json\/wp\/v2\/media\/35832"}],"wp:attachment":[{"href":"https:\/\/portalmovil.com.ar\/index.php\/wp-json\/wp\/v2\/media?parent=35830"}],"wp:term":[{"taxonomy":"category","embeddable":true,"href":"https:\/\/portalmovil.com.ar\/index.php\/wp-json\/wp\/v2\/categories?post=35830"},{"taxonomy":"post_tag","embeddable":true,"href":"https:\/\/portalmovil.com.ar\/index.php\/wp-json\/wp\/v2\/tags?post=35830"}],"curies":[{"name":"wp","href":"https:\/\/api.w.org\/{rel}","templated":true}]}}