{"id":35801,"date":"2021-08-05T15:15:55","date_gmt":"2021-08-05T18:15:55","guid":{"rendered":"https:\/\/portalmovil.com.ar\/?p=35801"},"modified":"2021-08-05T15:15:57","modified_gmt":"2021-08-05T18:15:57","slug":"villa-angela-se-reforzara-la-prevencion-y-el-servicio-de-seguridad-con-nuevos-vehiculos","status":"publish","type":"post","link":"https:\/\/portalmovil.com.ar\/index.php\/2021\/08\/05\/villa-angela-se-reforzara-la-prevencion-y-el-servicio-de-seguridad-con-nuevos-vehiculos\/","title":{"rendered":"Villa \u00c1ngela: Se reforzar\u00e1 la prevenci\u00f3n y el servicio de seguridad con nuevos veh\u00edculos"},"content":{"rendered":"\n<p>Junto al intendente Adalberto Papp, el gobernador Jorge Capitanich entreg\u00f3 hoy patrulleros y motocicletas que se van a distribuir entre Villa \u00c1ngela y otras comunidades. La iniciativa que forma parte de \u201cnuestro plan integral para mejorar las capacidades de las comisar\u00edas y dependencias policiales\u201d, destac\u00f3 el mandatario provincial.<\/p>\n\n\n\n<p>\u201cCon inversiones en movilidad, equipamiento, tecnolog\u00eda, infraestructura y capacitaciones estamos profesionalizando y jerarquizando las fuerzas de seguridad y cuidando a todos los chaque\u00f1os y chaque\u00f1as\u201d, concluy\u00f3 a trav\u00e9s de sus redes sociales.<\/p>\n\n\n\n<p>Diez camionetas y cinco motocicletas 0km fueron distribuidas este mediod\u00eda a los jefes de las Divisiones Operaciones Drogas, Investigaciones, 911, Cuerpo Operaciones Motorizadas, Departamento Seguridad Rural de Villa \u00c1ngela, adem\u00e1s a las Comisar\u00edas Primera y Segunda de Villa \u00c1ngela, Enrique Urien y Santa Silvina. Para lograr esto, el gobierno invirti\u00f3 m\u00e1s de 35 millones de pesos.<\/p>\n\n\n\n<p>Estos veh\u00edculos vienen para mejorar el servicio de seguridad hacia la ciudadan\u00eda.&nbsp; \u201cEn esta ciudad, finalizamos con la entrega de las 110 camionetas y 100 motocicletas que se compr\u00f3 este a\u00f1o en materia de veh\u00edculos policiales, es una herramienta muy importante para cada uno de nuestros polic\u00edas\u201d, resalt\u00f3 la ministra de Seguridad y Justicia, Gloria Zalazar.<\/p>\n\n\n\n<p>\u00a0\u201cEn principio, agradecemos el esfuerzo que hace la provincia y Jefatura para que tengamos un parque automotor en buen estado. Es para que, con el compromiso de cada uno de nosotros, llevemos m\u00e1s seguridad y bienestar a la sociedad\u201d, concluy\u00f3 el director de Zona Interior de Villa \u00c1ngela, comisario general Gustavo Dom\u00ednguez. De la entrega tambi\u00e9n particip\u00f3 el director del Ceac, comisario general Ariel Bernard.<\/p>\n\n\n\n<p><img loading=\"lazy\" decoding=\"async\" width=\"150\" height=\"100\" class=\"wp-image-35803\" style=\"width: 150px;\" src=\"https:\/\/portalmovil.com.ar\/wp-content\/uploads\/2021\/08\/FB_IMG_1628186973755.jpg\" alt=\"\" srcset=\"https:\/\/portalmovil.com.ar\/wp-content\/uploads\/2021\/08\/FB_IMG_1628186973755.jpg 720w, https:\/\/portalmovil.com.ar\/wp-content\/uploads\/2021\/08\/FB_IMG_1628186973755-300x200.jpg 300w\" sizes=\"auto, (max-width: 150px) 100vw, 150px\" \/><\/p>\n","protected":false},"excerpt":{"rendered":"<p>Junto al intendente Adalberto Papp, el gobernador Jorge Capitanich entreg\u00f3 hoy patrulleros y motocicletas que se van a distribuir entre Villa \u00c1ngela y otras comunidades. La iniciativa que forma parte de \u201cnuestro plan integral para mejorar las capacidades de las comisar\u00edas y dependencias policiales\u201d, destac\u00f3 el mandatario provincial. \u201cCon inversiones en movilidad, equipamiento, tecnolog\u00eda, infraestructura &hellip;<\/p>\n","protected":false},"author":2,"featured_media":35802,"comment_status":"open","ping_status":"open","sticky":false,"template":"","format":"standard","meta":{"_jetpack_memberships_contains_paid_content":false,"footnotes":"","jetpack_publicize_message":"","jetpack_publicize_feature_enabled":true,"jetpack_social_post_already_shared":true,"jetpack_social_options":{"image_generator_settings":{"template":"highway","default_image_id":0,"font":"","enabled":false},"version":2}},"categories":[28,42],"tags":[],"class_list":["post-35801","post","type-post","status-publish","format-standard","has-post-thumbnail","hentry","category-actualidad","category-interior"],"jetpack_publicize_connections":[],"jetpack_featured_media_url":"https:\/\/portalmovil.com.ar\/wp-content\/uploads\/2021\/08\/FB_IMG_1628186981569.jpg","jetpack_sharing_enabled":true,"amp_enabled":true,"_links":{"self":[{"href":"https:\/\/portalmovil.com.ar\/index.php\/wp-json\/wp\/v2\/posts\/35801","targetHints":{"allow":["GET"]}}],"collection":[{"href":"https:\/\/portalmovil.com.ar\/index.php\/wp-json\/wp\/v2\/posts"}],"about":[{"href":"https:\/\/portalmovil.com.ar\/index.php\/wp-json\/wp\/v2\/types\/post"}],"author":[{"embeddable":true,"href":"https:\/\/portalmovil.com.ar\/index.php\/wp-json\/wp\/v2\/users\/2"}],"replies":[{"embeddable":true,"href":"https:\/\/portalmovil.com.ar\/index.php\/wp-json\/wp\/v2\/comments?post=35801"}],"version-history":[{"count":1,"href":"https:\/\/portalmovil.com.ar\/index.php\/wp-json\/wp\/v2\/posts\/35801\/revisions"}],"predecessor-version":[{"id":35804,"href":"https:\/\/portalmovil.com.ar\/index.php\/wp-json\/wp\/v2\/posts\/35801\/revisions\/35804"}],"wp:featuredmedia":[{"embeddable":true,"href":"https:\/\/portalmovil.com.ar\/index.php\/wp-json\/wp\/v2\/media\/35802"}],"wp:attachment":[{"href":"https:\/\/portalmovil.com.ar\/index.php\/wp-json\/wp\/v2\/media?parent=35801"}],"wp:term":[{"taxonomy":"category","embeddable":true,"href":"https:\/\/portalmovil.com.ar\/index.php\/wp-json\/wp\/v2\/categories?post=35801"},{"taxonomy":"post_tag","embeddable":true,"href":"https:\/\/portalmovil.com.ar\/index.php\/wp-json\/wp\/v2\/tags?post=35801"}],"curies":[{"name":"wp","href":"https:\/\/api.w.org\/{rel}","templated":true}]}}