{"id":35589,"date":"2021-08-03T21:15:07","date_gmt":"2021-08-04T00:15:07","guid":{"rendered":"https:\/\/portalmovil.com.ar\/?p=35589"},"modified":"2021-08-03T21:15:09","modified_gmt":"2021-08-04T00:15:09","slug":"florencia-pena-redoblo-la-apuesta-soy-petera-y-no-creo-que-ninguno-de-los-que-me-ataca-no-quiera-que-le-haga-uno","status":"publish","type":"post","link":"https:\/\/portalmovil.com.ar\/index.php\/2021\/08\/03\/florencia-pena-redoblo-la-apuesta-soy-petera-y-no-creo-que-ninguno-de-los-que-me-ataca-no-quiera-que-le-haga-uno\/","title":{"rendered":"Florencia Pe\u00f1a redobl\u00f3 la apuesta: \u201cSoy petera y no creo que ninguno de los que me ataca no quiera que le haga uno\u201d"},"content":{"rendered":"\n<p>En una entrevista con Jorge Rial, la actriz se volvi\u00f3 a referir a las agresiones mis\u00f3ginas que recibi\u00f3 por redes sociales.<\/p>\n\n\n\n<p>Florencia Pe\u00f1a\u00a0volvi\u00f3 a hablar del encuentro privado que tuvo con Alberto Fern\u00e1ndez en la Quinta de Olivos, en mayo del 2020. \u00abYo soy una mujer inconveniente para el establishment\u00bb, dijo.<\/p>\n\n\n\n<p>La actriz habl\u00f3 con Jorge Rial, por\u00a0Radio 10\u00a0y se\u00f1al\u00f3 que no tiene pensamiento de derecha. \u00abSoy una actriz muy popular que tiene mucha llegada\u00bb.<\/p>\n\n\n\n<p>\u00abYo soy petera y no creo que ning\u00fan hombre de los que me ataca no quiera que le hagan un pete. No creo que a la mujer que tengan al lado le digan: mira a mi pete no\u00bb, asegur\u00f3.<\/p>\n\n\n\n<p>La conductora qued\u00f3 dentro de la disputa acerca de las visitas \u201cno esenciales\u201d que hab\u00eda recibido Fern\u00e1ndez en la cuarentena estricta. En los diferentes mensajes que recibi\u00f3, se la acusaba de no cumplir con el aislamiento social preventivo que ella misma promov\u00eda desde las redes sociales, entre otras cosas.<\/p>\n\n\n\n<figure class=\"wp-block-image size-large\"><img loading=\"lazy\" decoding=\"async\" width=\"722\" height=\"442\" src=\"https:\/\/portalmovil.com.ar\/wp-content\/uploads\/2021\/08\/1612550693_1713545.jpeg\" alt=\"\" class=\"wp-image-35590\" srcset=\"https:\/\/portalmovil.com.ar\/wp-content\/uploads\/2021\/08\/1612550693_1713545.jpeg 722w, https:\/\/portalmovil.com.ar\/wp-content\/uploads\/2021\/08\/1612550693_1713545-300x184.jpeg 300w\" sizes=\"auto, (max-width: 722px) 100vw, 722px\" \/><\/figure>\n\n\n\n<p>Pe\u00f1a destac\u00f3 que la reuni\u00f3n fue a las 11:30, que esper\u00f3 durante una hora al Presidente y que ten\u00eda permiso.&nbsp;\u201cPod\u00eda ir a esa reuni\u00f3n, como fueron tantos\u201d, manifest\u00f3 ayer en su programa&nbsp;<em>Flor de Equipo.<\/em><\/p>\n\n\n\n<p>Adem\u00e1s remarc\u00f3 el hecho de que las cr\u00edticas se enfoquen en ella y no en otros hombres que tambi\u00e9n se encontraron con Alberto Fern\u00e1ndez. \u201cLo que me pregunto es por qu\u00e9 no se la agarraron con los hombres. \u00bfPor qu\u00e9 no se la agarraron con personajes tan importantes y se la agarraron conmigo? \u00bfPor qu\u00e9 las mujeres son gatos porque fueron a la Quinta de Olivos? \u00bfY los hombres qu\u00e9 son? \u00bfPor qu\u00e9 esta misoginia que nos bancamos las mujeres?\u201d.<\/p>\n\n\n\n<p>\u201cLo que hice ni siquiera fue por m\u00ed, porque ten\u00eda trabajo y ten\u00eda trabajo por delante, pero nuestra industria estaba muerta, como sigue estando muerta, ven\u00eda de meses de estar muerta.&nbsp;No hice nada malo. No entiendo este ataque. No me lo merezco y necesitaba aclararlo. Nada m\u00e1s\u201d, concluy\u00f3.<\/p>\n","protected":false},"excerpt":{"rendered":"<p>\u00abYo soy petera y no creo que ning\u00fan hombre de los que me ataca no quiera que le hagan un pete. No creo que a la mujer que tengan al lado le digan: mira a mi pete no\u00bb, asegur\u00f3<\/p>\n","protected":false},"author":2,"featured_media":35591,"comment_status":"open","ping_status":"open","sticky":false,"template":"","format":"standard","meta":{"_jetpack_memberships_contains_paid_content":false,"footnotes":"","jetpack_publicize_message":"","jetpack_publicize_feature_enabled":true,"jetpack_social_post_already_shared":true,"jetpack_social_options":{"image_generator_settings":{"template":"highway","default_image_id":0,"font":"","enabled":false},"version":2}},"categories":[3],"tags":[],"class_list":["post-35589","post","type-post","status-publish","format-standard","has-post-thumbnail","hentry","category-sociedad"],"jetpack_publicize_connections":[],"jetpack_featured_media_url":"https:\/\/portalmovil.com.ar\/wp-content\/uploads\/2021\/08\/florencia-pena.jpg","jetpack_sharing_enabled":true,"amp_enabled":true,"_links":{"self":[{"href":"https:\/\/portalmovil.com.ar\/index.php\/wp-json\/wp\/v2\/posts\/35589","targetHints":{"allow":["GET"]}}],"collection":[{"href":"https:\/\/portalmovil.com.ar\/index.php\/wp-json\/wp\/v2\/posts"}],"about":[{"href":"https:\/\/portalmovil.com.ar\/index.php\/wp-json\/wp\/v2\/types\/post"}],"author":[{"embeddable":true,"href":"https:\/\/portalmovil.com.ar\/index.php\/wp-json\/wp\/v2\/users\/2"}],"replies":[{"embeddable":true,"href":"https:\/\/portalmovil.com.ar\/index.php\/wp-json\/wp\/v2\/comments?post=35589"}],"version-history":[{"count":1,"href":"https:\/\/portalmovil.com.ar\/index.php\/wp-json\/wp\/v2\/posts\/35589\/revisions"}],"predecessor-version":[{"id":35592,"href":"https:\/\/portalmovil.com.ar\/index.php\/wp-json\/wp\/v2\/posts\/35589\/revisions\/35592"}],"wp:featuredmedia":[{"embeddable":true,"href":"https:\/\/portalmovil.com.ar\/index.php\/wp-json\/wp\/v2\/media\/35591"}],"wp:attachment":[{"href":"https:\/\/portalmovil.com.ar\/index.php\/wp-json\/wp\/v2\/media?parent=35589"}],"wp:term":[{"taxonomy":"category","embeddable":true,"href":"https:\/\/portalmovil.com.ar\/index.php\/wp-json\/wp\/v2\/categories?post=35589"},{"taxonomy":"post_tag","embeddable":true,"href":"https:\/\/portalmovil.com.ar\/index.php\/wp-json\/wp\/v2\/tags?post=35589"}],"curies":[{"name":"wp","href":"https:\/\/api.w.org\/{rel}","templated":true}]}}