{"id":35494,"date":"2021-08-03T13:43:33","date_gmt":"2021-08-03T16:43:33","guid":{"rendered":"https:\/\/portalmovil.com.ar\/?p=35494"},"modified":"2021-08-03T13:43:38","modified_gmt":"2021-08-03T16:43:38","slug":"caja-municipal-dos-empresas-ofertan-para-refuncionalizar-el-edificio","status":"publish","type":"post","link":"https:\/\/portalmovil.com.ar\/index.php\/2021\/08\/03\/caja-municipal-dos-empresas-ofertan-para-refuncionalizar-el-edificio\/","title":{"rendered":"Caja Municipal: Dos empresas ofertan para refuncionalizar el edificio"},"content":{"rendered":"\n<p>Con la presentaci\u00f3n de dos ofertas, el intendente de Resistencia, Gustavo Mart\u00ednez inici\u00f3 el camino para la refuncionalizaci\u00f3n integral del edificio de la Caja Municipal de Resistencia. Se trata de las empresas Enedse S.R.L. y Deliel S.R.L. que participaron de la licitaci\u00f3n de esta obra que cuenta con un presupuesto de $25.500.000 y que se ejecutar\u00e1 con recursos propios.<\/p>\n\n\n\n<p>\u201cEs un paso m\u00e1s que importante el que estamos dando, la Caja Municipal cumple un rol estrat\u00e9gico fundamental en el marco del programa Ciudad en Desarrollo\u201d, observ\u00f3 el intendente.<\/p>\n\n\n\n<p>\u201cNecesita un impulso en materia de inversi\u00f3n, en especial en la movilizaci\u00f3n del sector privado\u201d, se refiri\u00f3 Mart\u00ednez pero tambi\u00e9n dijo que \u201ctiene un gran potencial de crecimiento y es necesario generar instituciones que est\u00e9n a la altura\u201d.<\/p>\n\n\n\n<p>En ese aspecto, remarc\u00f3 que este organismo municipal no solo cumple sus funciones con agilizaci\u00f3n para el financiamiento o encontrando ingenier\u00edas que permitan el desarrollo de las actividades econ\u00f3micas, \u201csino tambi\u00e9n es necesaria la presentaci\u00f3n, hoy ayuda mucho tener mucha presencia institucional\u201d.<\/p>\n\n\n\n<p>Cambiar el paradigma<\/p>\n\n\n\n<p>En este contexto, el jefe comunal hizo alusi\u00f3n a \u201cla apuesta con estas refacciones a cambiar el paradigma de este edificio que se qued\u00f3 en el tiempo, refuncionalizando la fachada y el interior\u201d.<\/p>\n\n\n\n<p>\u201cHay que generar equipamiento y condiciones de trabajo adecuadas, tanto para el contribuyente, como para los sectores empresarial y comercial que tendr\u00e1n su propia \u00e1rea\u201d, asever\u00f3.<\/p>\n\n\n\n<p>Anunci\u00f3 que estas obras tienen por objetivo hacer una reestructuraci\u00f3n interna y externa del espacio f\u00edsico. \u201cQueremos que sea la soluci\u00f3n definitiva para las gestiones y todo tipo de tr\u00e1mites en materia de respuesta financiera o ante alg\u00fan emprendimiento\u201d, se\u00f1al\u00f3 Gustavo, quien agreg\u00f3: \u201cCreemos en una ciudad planificada y ordenada a mediano y largo plazo, necesita un desarrollo para que las pr\u00f3ximas generaciones de resistencianos y resistencianas puedan ver el cambio\u201d.<\/p>\n\n\n\n<p>Visi\u00f3n estrat\u00e9gica nueva<\/p>\n\n\n\n<p>Por su parte, el secretario de Hacienda y Finanzas, Francisco Vescera, se\u00f1al\u00f3 que tras la apertura de los sobres licitatorios, una comisi\u00f3n se encargar\u00e1 de la evaluaci\u00f3n t\u00e9cnica, financiera y econ\u00f3mica para decidir a qu\u00e9 empresa adjudicar la obra.<\/p>\n\n\n\n<p>\u201cEste edificio nunca se refaccion\u00f3, y en el marco de un plan dise\u00f1ado por Gustavo y el directorio de la Caja Municipal, notamos la necesidad de una visi\u00f3n estrat\u00e9gica nueva en cuanto a la atenci\u00f3n al vecino y la vecina\u201d, manifest\u00f3.<\/p>\n\n\n\n<p>Por su parte, la gerente general de la Caja Municipal Alicia Vazquez, detall\u00f3 que esta obra tiene un plazo de ejecuci\u00f3n de 90 d\u00edas, con un presupuesto de $25.500.000.<\/p>\n\n\n\n<p>\u201cEs una estructura de muchos a\u00f1os que necesita modernizarse para un mayor servicio\u201d, indic\u00f3, quien estuvo acompa\u00f1ada por el Director Ejecutivo, Gerardo Alvarenga y el vocal Jos\u00e9 Ra\u00fal Dasso.<\/p>\n","protected":false},"excerpt":{"rendered":"<p>Con la presentaci\u00f3n de dos ofertas, el intendente de Resistencia, Gustavo Mart\u00ednez inici\u00f3 el camino para la refuncionalizaci\u00f3n integral del edificio de la Caja Municipal de Resistencia. Se trata de las empresas Enedse S.R.L. y Deliel S.R.L. que participaron de la licitaci\u00f3n de esta obra que cuenta con un presupuesto de $25.500.000 y que se &hellip;<\/p>\n","protected":false},"author":2,"featured_media":35495,"comment_status":"open","ping_status":"open","sticky":false,"template":"","format":"standard","meta":{"_jetpack_memberships_contains_paid_content":false,"footnotes":"","jetpack_publicize_message":"","jetpack_publicize_feature_enabled":true,"jetpack_social_post_already_shared":true,"jetpack_social_options":{"image_generator_settings":{"template":"highway","default_image_id":0,"font":"","enabled":false},"version":2}},"categories":[14,37],"tags":[],"class_list":["post-35494","post","type-post","status-publish","format-standard","has-post-thumbnail","hentry","category-politica","category-resistencia"],"jetpack_publicize_connections":[],"jetpack_featured_media_url":"https:\/\/portalmovil.com.ar\/wp-content\/uploads\/2021\/08\/FB_IMG_1628008903032.jpg","jetpack_sharing_enabled":true,"amp_enabled":true,"_links":{"self":[{"href":"https:\/\/portalmovil.com.ar\/index.php\/wp-json\/wp\/v2\/posts\/35494","targetHints":{"allow":["GET"]}}],"collection":[{"href":"https:\/\/portalmovil.com.ar\/index.php\/wp-json\/wp\/v2\/posts"}],"about":[{"href":"https:\/\/portalmovil.com.ar\/index.php\/wp-json\/wp\/v2\/types\/post"}],"author":[{"embeddable":true,"href":"https:\/\/portalmovil.com.ar\/index.php\/wp-json\/wp\/v2\/users\/2"}],"replies":[{"embeddable":true,"href":"https:\/\/portalmovil.com.ar\/index.php\/wp-json\/wp\/v2\/comments?post=35494"}],"version-history":[{"count":1,"href":"https:\/\/portalmovil.com.ar\/index.php\/wp-json\/wp\/v2\/posts\/35494\/revisions"}],"predecessor-version":[{"id":35496,"href":"https:\/\/portalmovil.com.ar\/index.php\/wp-json\/wp\/v2\/posts\/35494\/revisions\/35496"}],"wp:featuredmedia":[{"embeddable":true,"href":"https:\/\/portalmovil.com.ar\/index.php\/wp-json\/wp\/v2\/media\/35495"}],"wp:attachment":[{"href":"https:\/\/portalmovil.com.ar\/index.php\/wp-json\/wp\/v2\/media?parent=35494"}],"wp:term":[{"taxonomy":"category","embeddable":true,"href":"https:\/\/portalmovil.com.ar\/index.php\/wp-json\/wp\/v2\/categories?post=35494"},{"taxonomy":"post_tag","embeddable":true,"href":"https:\/\/portalmovil.com.ar\/index.php\/wp-json\/wp\/v2\/tags?post=35494"}],"curies":[{"name":"wp","href":"https:\/\/api.w.org\/{rel}","templated":true}]}}