{"id":35370,"date":"2021-08-02T16:34:33","date_gmt":"2021-08-02T19:34:33","guid":{"rendered":"https:\/\/portalmovil.com.ar\/?p=35370"},"modified":"2021-08-02T16:34:36","modified_gmt":"2021-08-02T19:34:36","slug":"30-meses-de-financiacion-con-ahora-12","status":"publish","type":"post","link":"https:\/\/portalmovil.com.ar\/index.php\/2021\/08\/02\/30-meses-de-financiacion-con-ahora-12\/","title":{"rendered":"30 meses de financiaci\u00f3n con Ahora 12"},"content":{"rendered":"\n<p>El presidente Alberto Fern\u00e1ndez encabez\u00f3 este mediod\u00eda, en forma virtual desde la Residencia de Olivos, el lanzamiento de la ampliaci\u00f3n del programa Ahora 12, que sumar\u00e1 rubros y ofrecer\u00e1 mayores l\u00edneas de financiaci\u00f3n, con plazos de hasta 30 meses, para favorecer la renovaci\u00f3n o adquisici\u00f3n de equipamiento para el hogar, con el objetivo final de impulsar el consumo de bienes y servicios producidos y comercializados en el pa\u00eds.<\/p>\n\n\n\n<p>El programa Ahora 12, que en la actualidad hace posible la financiaci\u00f3n con tarjetas de cr\u00e9dito bancarias en 3, 6, 12 y 18 cuotas, sumar\u00e1 desde ahora la alternativa de hacerlo en 24 y 30 meses. La totalidad de productos y servicios se podr\u00e1n adquirir de manera online y en los comercios adheridos de todo el pa\u00eds, los siete d\u00edas de la semana.<\/p>\n\n\n\n<p>En hasta 30 cuotas se podr\u00e1n adquirir los siguientes ocho tipos de electrodom\u00e9sticos de L\u00ednea Blanca de producci\u00f3n nacional: aires acondicionados; climatizadores de aire y\/o ventilaci\u00f3n; lavavajillas; lavarropas y secarropas; cocinas, hornos y anafes; calefactores y estufas; termotanques y calefones; y heladeras, congeladores y freezers.<\/p>\n\n\n\n<p>Adem\u00e1s, participaron del lanzamiento los secretarios de Comercio Interior, Paula Espa\u00f1ol; de la Peque\u00f1a y Mediana Empresa y los Emprendedores, Guillermo Merediz; y de Industria, Econom\u00eda del Conocimiento y Gesti\u00f3n Comercial Externa, Ariel Schale; el ministro de Producci\u00f3n, Ciencia e Innovaci\u00f3n Tecnol\u00f3gica bonaerense, Augusto Costa; el secretario general de la Uni\u00f3n Obrera Metal\u00fargica (UOM), Antonio Cal\u00f3, otros sindicalistas y representantes de c\u00e1maras empresarias.<\/p>\n\n\n\n<p>Visuar es una empresa familiar de origen y capital argentino que emplea 455 personas en su planta de Ca\u00f1uelas, donde fabrican heladeras, lavarropas, microondas y aspiradoras de \u00faltima generaci\u00f3n de Samsung y arranc\u00f3 sus actividades en 1992 con la importaci\u00f3n y distribuci\u00f3n de productos.<\/p>\n","protected":false},"excerpt":{"rendered":"<p>El presidente Alberto Fern\u00e1ndez encabez\u00f3 este mediod\u00eda, en forma virtual desde la Residencia de Olivos, el lanzamiento de la ampliaci\u00f3n del programa Ahora 12, que sumar\u00e1 rubros y ofrecer\u00e1 mayores l\u00edneas de financiaci\u00f3n, con plazos de hasta 30 meses, para favorecer la renovaci\u00f3n o adquisici\u00f3n de equipamiento para el hogar, con el objetivo final de &hellip;<\/p>\n","protected":false},"author":2,"featured_media":35371,"comment_status":"open","ping_status":"open","sticky":false,"template":"","format":"standard","meta":{"_jetpack_memberships_contains_paid_content":false,"footnotes":"","jetpack_publicize_message":"","jetpack_publicize_feature_enabled":true,"jetpack_social_post_already_shared":true,"jetpack_social_options":{"image_generator_settings":{"template":"highway","default_image_id":0,"font":"","enabled":false},"version":2}},"categories":[639,175],"tags":[],"class_list":["post-35370","post","type-post","status-publish","format-standard","has-post-thumbnail","hentry","category-argentina","category-economia"],"jetpack_publicize_connections":[],"jetpack_featured_media_url":"https:\/\/portalmovil.com.ar\/wp-content\/uploads\/2021\/08\/o_1475235391.jpg","jetpack_sharing_enabled":true,"amp_enabled":true,"_links":{"self":[{"href":"https:\/\/portalmovil.com.ar\/index.php\/wp-json\/wp\/v2\/posts\/35370","targetHints":{"allow":["GET"]}}],"collection":[{"href":"https:\/\/portalmovil.com.ar\/index.php\/wp-json\/wp\/v2\/posts"}],"about":[{"href":"https:\/\/portalmovil.com.ar\/index.php\/wp-json\/wp\/v2\/types\/post"}],"author":[{"embeddable":true,"href":"https:\/\/portalmovil.com.ar\/index.php\/wp-json\/wp\/v2\/users\/2"}],"replies":[{"embeddable":true,"href":"https:\/\/portalmovil.com.ar\/index.php\/wp-json\/wp\/v2\/comments?post=35370"}],"version-history":[{"count":1,"href":"https:\/\/portalmovil.com.ar\/index.php\/wp-json\/wp\/v2\/posts\/35370\/revisions"}],"predecessor-version":[{"id":35372,"href":"https:\/\/portalmovil.com.ar\/index.php\/wp-json\/wp\/v2\/posts\/35370\/revisions\/35372"}],"wp:featuredmedia":[{"embeddable":true,"href":"https:\/\/portalmovil.com.ar\/index.php\/wp-json\/wp\/v2\/media\/35371"}],"wp:attachment":[{"href":"https:\/\/portalmovil.com.ar\/index.php\/wp-json\/wp\/v2\/media?parent=35370"}],"wp:term":[{"taxonomy":"category","embeddable":true,"href":"https:\/\/portalmovil.com.ar\/index.php\/wp-json\/wp\/v2\/categories?post=35370"},{"taxonomy":"post_tag","embeddable":true,"href":"https:\/\/portalmovil.com.ar\/index.php\/wp-json\/wp\/v2\/tags?post=35370"}],"curies":[{"name":"wp","href":"https:\/\/api.w.org\/{rel}","templated":true}]}}