{"id":35268,"date":"2021-08-01T18:41:01","date_gmt":"2021-08-01T21:41:01","guid":{"rendered":"https:\/\/portalmovil.com.ar\/?p=35268"},"modified":"2021-08-01T18:41:04","modified_gmt":"2021-08-01T21:41:04","slug":"el-gobierno-lanza-este-lunes-el-programa-ahora-30","status":"publish","type":"post","link":"https:\/\/portalmovil.com.ar\/index.php\/2021\/08\/01\/el-gobierno-lanza-este-lunes-el-programa-ahora-30\/","title":{"rendered":"El Gobierno lanza este lunes el programa Ahora 30"},"content":{"rendered":"\n<p>Este lunes desde las 11 en el Parque Industrial de Ca\u00f1uelas, el Gobierno lanza la ampliaci\u00f3n del programa\u00a0Ahora 12, en el cual estar\u00e1n incluidos m\u00e1s rubros para ampliar la oferta de productos a todos los argentinos y argentinas.<\/p>\n\n\n\n<p>Encabezado en forma virtual por el presidente de la Naci\u00f3n,\u00a0<strong>Alberto Fern\u00e1ndez<\/strong>, y con la presencia del jefe de Gabinete de Ministros de la Naci\u00f3n,\u00a0<strong>Santiago Cafiero<\/strong>, el acto tendr\u00e1 lugar en la empresa Visuar, ubicado en La Martona 1010 en el Parque Industrial de Ca\u00f1uelas, Autov\u00eda Ruta Provincial 6 Km 96,7.<\/p>\n\n\n\n<p>Tambi\u00e9n participar\u00e1n los ministros de Econom\u00eda,&nbsp;<strong>Mart\u00edn Guzm\u00e1n<\/strong>&nbsp;y Desarrollo Productivo,&nbsp;<strong>Mat\u00edas Kulfas<\/strong>; y la vicejefa de Gabinete,&nbsp;<strong>Cecilia Todesca<\/strong>&nbsp;<strong>Bocco.<\/strong>&nbsp;Adem\u00e1s, la intendenta de Ca\u00f1uelas,&nbsp;<strong>Marisa Fassi;<\/strong>&nbsp;los precandidatos a diputados nacionales por la Provincia de Buenos Aires,&nbsp;<strong>Victoria Tolosa Paz y Daniel Gollan<\/strong>&nbsp;y el ministro de Producci\u00f3n, Ciencia e Innovaci\u00f3n Tecnol\u00f3gica de la Provincia de Buenos Aires,&nbsp;<strong>Augusto Costa.<\/strong><\/p>\n\n\n\n<p>La oferta de productos disponibles en el programa ahora 12 ser\u00e1 ampliada, en conjunto con mayores l\u00edneas de financiaci\u00f3n para la compra de productos con plazos m\u00e1s extensos para que los consumidores puedan renovar \u00f3 adquirir equipamiento para el hogar.<\/p>\n\n\n\n<p>Ser\u00e1n parte del lanzamiento la secretaria de Comercio Interior,&nbsp;<strong>Paula Espa\u00f1ol<\/strong>; de la Peque\u00f1a y Mediana Empresa y los Emprendedores,&nbsp;<strong>Guillermo Merediz<\/strong>&nbsp;e Industria, Econom\u00eda del Conocimiento y Gesti\u00f3n Comercial Externa,&nbsp;<strong>Ariel Schale<\/strong>; intendentes de otros municipios bonaerenses y representantes de c\u00e1maras empresarias y de entidades gremiales trabajadoras.<\/p>\n","protected":false},"excerpt":{"rendered":"<p>Este lunes desde las 11 en el Parque Industrial de Ca\u00f1uelas, el Gobierno lanza la ampliaci\u00f3n del programa\u00a0Ahora 12, en el cual estar\u00e1n incluidos m\u00e1s rubros para ampliar la oferta de productos a todos los argentinos y argentinas. Encabezado en forma virtual por el presidente de la Naci\u00f3n,\u00a0Alberto Fern\u00e1ndez, y con la presencia del jefe &hellip;<\/p>\n","protected":false},"author":2,"featured_media":35269,"comment_status":"open","ping_status":"open","sticky":false,"template":"","format":"standard","meta":{"_jetpack_memberships_contains_paid_content":false,"footnotes":"","jetpack_publicize_message":"","jetpack_publicize_feature_enabled":true,"jetpack_social_post_already_shared":true,"jetpack_social_options":{"image_generator_settings":{"template":"highway","default_image_id":0,"font":"","enabled":false},"version":2}},"categories":[639,175,12],"tags":[],"class_list":["post-35268","post","type-post","status-publish","format-standard","has-post-thumbnail","hentry","category-argentina","category-economia","category-ultimo"],"jetpack_publicize_connections":[],"jetpack_featured_media_url":"https:\/\/portalmovil.com.ar\/wp-content\/uploads\/2021\/08\/ahora12.jpg_2024461655.jpg","jetpack_sharing_enabled":true,"amp_enabled":true,"_links":{"self":[{"href":"https:\/\/portalmovil.com.ar\/index.php\/wp-json\/wp\/v2\/posts\/35268","targetHints":{"allow":["GET"]}}],"collection":[{"href":"https:\/\/portalmovil.com.ar\/index.php\/wp-json\/wp\/v2\/posts"}],"about":[{"href":"https:\/\/portalmovil.com.ar\/index.php\/wp-json\/wp\/v2\/types\/post"}],"author":[{"embeddable":true,"href":"https:\/\/portalmovil.com.ar\/index.php\/wp-json\/wp\/v2\/users\/2"}],"replies":[{"embeddable":true,"href":"https:\/\/portalmovil.com.ar\/index.php\/wp-json\/wp\/v2\/comments?post=35268"}],"version-history":[{"count":1,"href":"https:\/\/portalmovil.com.ar\/index.php\/wp-json\/wp\/v2\/posts\/35268\/revisions"}],"predecessor-version":[{"id":35270,"href":"https:\/\/portalmovil.com.ar\/index.php\/wp-json\/wp\/v2\/posts\/35268\/revisions\/35270"}],"wp:featuredmedia":[{"embeddable":true,"href":"https:\/\/portalmovil.com.ar\/index.php\/wp-json\/wp\/v2\/media\/35269"}],"wp:attachment":[{"href":"https:\/\/portalmovil.com.ar\/index.php\/wp-json\/wp\/v2\/media?parent=35268"}],"wp:term":[{"taxonomy":"category","embeddable":true,"href":"https:\/\/portalmovil.com.ar\/index.php\/wp-json\/wp\/v2\/categories?post=35268"},{"taxonomy":"post_tag","embeddable":true,"href":"https:\/\/portalmovil.com.ar\/index.php\/wp-json\/wp\/v2\/tags?post=35268"}],"curies":[{"name":"wp","href":"https:\/\/api.w.org\/{rel}","templated":true}]}}