{"id":35252,"date":"2021-08-01T10:36:30","date_gmt":"2021-08-01T13:36:30","guid":{"rendered":"https:\/\/portalmovil.com.ar\/?p=35252"},"modified":"2021-08-01T10:36:32","modified_gmt":"2021-08-01T13:36:32","slug":"murio-gino-renni-tras-dos-meses-de-internacion-por-covid-19","status":"publish","type":"post","link":"https:\/\/portalmovil.com.ar\/index.php\/2021\/08\/01\/murio-gino-renni-tras-dos-meses-de-internacion-por-covid-19\/","title":{"rendered":"Muri\u00f3 Gino Renni tras dos meses de internaci\u00f3n por Covid-19"},"content":{"rendered":"\n<p>Muri\u00f3 a los 78 a\u00f1os el actor y cantante\u00a0Gino Renni. Estuvo casi dos meses internado en el Instituto Argentino de Diagn\u00f3stico y Tratamiento con complicaciones derivadas del coronavirus. Estaba vacunado con las dos dosis de la vacuna Sinopharm. El cuadro se complic\u00f3 cuando le descubrieron la semana pasada una bacteria que afectaba a sus ri\u00f1ones, por lo cual tuvo que someterse a un tratamiento de di\u00e1lisis.<\/p>\n\n\n\n<p>Luigi Melieni Mollo, nombre real de Gino Renni,\u00a0<strong>naci\u00f3 en Calabria el 7 de junio de 1943 y lleg\u00f3 a la Argentina cuando ten\u00eda 3 a\u00f1os.\u00a0<\/strong>Su padre vend\u00eda frutas y verduras en el Mercado de Abasto, ubicado donde actualmente hay un centro comercial hom\u00f3nimo, y con su familia viv\u00edan muy cerca sobre la avenida C\u00f3rdoba.<\/p>\n\n\n\n<p>Se destac\u00f3 como un polifac\u00e9tico actor de reparto. Su rubro era la comedia, pero tambi\u00e9n pas\u00f3 por la telenovela o el drama. Comenz\u00f3 a los 24 a\u00f1os en \u00abOperaci\u00f3n Ja J\u00e1\u00bb, el programa de TV con sketchs de los hermanos Gerardo y Hugo Sofovich, pero el salto a la fama lo dio con Gino Foderone de la Salsiccia en Mesa de Noticias.<\/p>\n\n\n\n<p>Por ese papel fue convocado por Argentina Sono Film para sus cl\u00e1sicas pel\u00edculas para las vacaciones de verano e invierno. Primero con \u00ab<strong>Brigada explosiva\u00bb<\/strong>, luego con \u00ab<strong>Brigada explosiva contra los ninjas\u00bb, \u00abLos matamonstruos en la mansi\u00f3n del terror\u00bb&nbsp;<\/strong>y las dos de \u00abBa\u00f1eros&#8230;\u00bb, se qued\u00f3 para siempre en la memoria de los que eran ni\u00f1os en los &#8217;80 y &#8217;90. Ese estilo de batall\u00f3n lleno de torpes y antih\u00e9roes se traslad\u00f3 a la televisi\u00f3n con Brigada cola y lo tuvo en el elenco.<\/p>\n\n\n\n<p>El \u00abTano\u00bb fue parte del Cantando en 2011, que conduc\u00edan Denise Dumas y Jos\u00e9 Mar\u00eda Listorti, antes integr\u00f3 el coro de Susana Gim\u00e9nez con Marcelo Iripino en 2007.<\/p>\n\n\n\n<p>Soltero, sin hijos, entre las perlas de su trayectoria est\u00e1 la de haber sido candidato a diputado italiano por el Partito Democratico por la Circoscrizione Estero, Ripartizione America Meridionale y cantar con Divididos \u00abUe paisano\u00bb en el cierre de algunos shows de \u00abLa aplanadora del rock\u00bb.<\/p>\n","protected":false},"excerpt":{"rendered":"<p>Muri\u00f3 a los 78 a\u00f1os el actor y cantante\u00a0Gino Renni. Estuvo casi dos meses internado en el Instituto Argentino de Diagn\u00f3stico y Tratamiento con complicaciones derivadas del coronavirus. Estaba vacunado con las dos dosis de la vacuna Sinopharm. El cuadro se complic\u00f3 cuando le descubrieron la semana pasada una bacteria que afectaba a sus ri\u00f1ones, &hellip;<\/p>\n","protected":false},"author":2,"featured_media":35253,"comment_status":"open","ping_status":"open","sticky":false,"template":"","format":"standard","meta":{"_jetpack_memberships_contains_paid_content":false,"footnotes":"","jetpack_publicize_message":"","jetpack_publicize_feature_enabled":true,"jetpack_social_post_already_shared":true,"jetpack_social_options":{"image_generator_settings":{"template":"highway","default_image_id":0,"font":"","enabled":false},"version":2}},"categories":[3],"tags":[],"class_list":["post-35252","post","type-post","status-publish","format-standard","has-post-thumbnail","hentry","category-sociedad"],"jetpack_publicize_connections":[],"jetpack_featured_media_url":"https:\/\/portalmovil.com.ar\/wp-content\/uploads\/2021\/08\/YL6CSVV35JB5ZAO5ARHY5FQAXE.jpeg","jetpack_sharing_enabled":true,"amp_enabled":true,"_links":{"self":[{"href":"https:\/\/portalmovil.com.ar\/index.php\/wp-json\/wp\/v2\/posts\/35252","targetHints":{"allow":["GET"]}}],"collection":[{"href":"https:\/\/portalmovil.com.ar\/index.php\/wp-json\/wp\/v2\/posts"}],"about":[{"href":"https:\/\/portalmovil.com.ar\/index.php\/wp-json\/wp\/v2\/types\/post"}],"author":[{"embeddable":true,"href":"https:\/\/portalmovil.com.ar\/index.php\/wp-json\/wp\/v2\/users\/2"}],"replies":[{"embeddable":true,"href":"https:\/\/portalmovil.com.ar\/index.php\/wp-json\/wp\/v2\/comments?post=35252"}],"version-history":[{"count":1,"href":"https:\/\/portalmovil.com.ar\/index.php\/wp-json\/wp\/v2\/posts\/35252\/revisions"}],"predecessor-version":[{"id":35254,"href":"https:\/\/portalmovil.com.ar\/index.php\/wp-json\/wp\/v2\/posts\/35252\/revisions\/35254"}],"wp:featuredmedia":[{"embeddable":true,"href":"https:\/\/portalmovil.com.ar\/index.php\/wp-json\/wp\/v2\/media\/35253"}],"wp:attachment":[{"href":"https:\/\/portalmovil.com.ar\/index.php\/wp-json\/wp\/v2\/media?parent=35252"}],"wp:term":[{"taxonomy":"category","embeddable":true,"href":"https:\/\/portalmovil.com.ar\/index.php\/wp-json\/wp\/v2\/categories?post=35252"},{"taxonomy":"post_tag","embeddable":true,"href":"https:\/\/portalmovil.com.ar\/index.php\/wp-json\/wp\/v2\/tags?post=35252"}],"curies":[{"name":"wp","href":"https:\/\/api.w.org\/{rel}","templated":true}]}}