{"id":35245,"date":"2021-07-31T19:56:58","date_gmt":"2021-07-31T22:56:58","guid":{"rendered":"https:\/\/portalmovil.com.ar\/?p=35245"},"modified":"2021-07-31T19:57:03","modified_gmt":"2021-07-31T22:57:03","slug":"alberto-fernandez-propuso-debatir-la-duracion-de-los-jueces-en-sus-cargos","status":"publish","type":"post","link":"https:\/\/portalmovil.com.ar\/index.php\/2021\/07\/31\/alberto-fernandez-propuso-debatir-la-duracion-de-los-jueces-en-sus-cargos\/","title":{"rendered":"Alberto Fern\u00e1ndez propuso debatir la duraci\u00f3n de los jueces en sus cargos"},"content":{"rendered":"\n<p>Al encabezar de manera virtual el cierre del Segundo Encuentro Federal de Estudiantes de Derecho, el presidente\u00a0Alberto Fern\u00e1ndez\u00a0propuso este s\u00e1bado la \u201cnecesidad de generar un debate para discutir\u201d la duraci\u00f3n de los jueces en sus cargos.<\/p>\n\n\n\n<p>\u201cLo planteo para que demos un debate. No digo que lo discutamos ahora, pero creo que es hora de poner esa discusi\u00f3n sobre la duraci\u00f3n que deben tener los jueces en sus cargos\u201d, se\u00f1al\u00f3 el Jefe de Estado.<\/p>\n\n\n\n<p>En el comienzo de su exposici\u00f3n, el mandatario agradeci\u00f3 la invitaci\u00f3n, y coment\u00f3: \u00abCuando me propusieron formar parte de este encuentro, acept\u00e9 porque debemos impulsar con fuerza la educaci\u00f3n p\u00fablica. Tambi\u00e9n me interesa mucho escuchar sus opiniones\u00bb.<\/p>\n\n\n\n<figure class=\"wp-block-embed is-type-rich is-provider-twitter wp-block-embed-twitter\"><div class=\"wp-block-embed__wrapper\">\n<div class=\"embed-twitter\"><blockquote class=\"twitter-tweet\" data-width=\"500\" data-dnt=\"true\"><p lang=\"es\" dir=\"ltr\">\ud83d\udcbb&quot;Cuando me propusieron formar parte de este encuentro, acept\u00e9 porque debemos impulsar con fuerza la educaci\u00f3n p\u00fablica. Tambi\u00e9n me interesa mucho escuchar sus opiniones&quot;. El presidente <a href=\"https:\/\/twitter.com\/alferdez?ref_src=twsrc%5Etfw\">@alferdez<\/a> en la participaci\u00f3n, de forma virtual, del II Encuentro Federal de Derecho. <a href=\"https:\/\/t.co\/PeSUTnJ9oA\">pic.twitter.com\/PeSUTnJ9oA<\/a><\/p>&mdash; Alberto Fern\u00e1ndez Prensa (@alferdezprensa) <a href=\"https:\/\/twitter.com\/alferdezprensa\/status\/1421596392183771144?ref_src=twsrc%5Etfw\">July 31, 2021<\/a><\/blockquote><script async src=\"https:\/\/platform.twitter.com\/widgets.js\" charset=\"utf-8\"><\/script><\/div>\n<\/div><\/figure>\n\n\n\n<p>\u00abMuchas universidades del GBA tienen alrededor de un 90% de alumnos que son primera generaci\u00f3n de estudiantes en sus familias. Eso remarca la importancia de acercar facultades\u00bb, insisti\u00f3 el Presidente.<\/p>\n\n\n\n<p>A su vez, Alberto Fern\u00e1ndez afirm\u00f3 que \u201clas corporaciones influyen en la Justicia\u201d mediante pr\u00e1cticas que constituyen \u201cel predominio de los intereses econ\u00f3micos sobre el estado de derecho\u201d.<\/p>\n\n\n\n<p>A su vez, el mandatario sentenci\u00f3 que quienes trabajaron con jueces federales como el fallecido Claudio Bonadio o Mart\u00edn Irurzun\u00a0\u201cquedaron contaminados por las malas pr\u00e1cticas\u201d\u00a0que aplicaron esos magistrados.<\/p>\n","protected":false},"excerpt":{"rendered":"<p>Al encabezar de manera virtual el cierre del Segundo Encuentro Federal de Estudiantes de Derecho, el presidente\u00a0Alberto Fern\u00e1ndez\u00a0propuso este s\u00e1bado la \u201cnecesidad de generar un debate para discutir\u201d la duraci\u00f3n de los jueces en sus cargos. \u201cLo planteo para que demos un debate. No digo que lo discutamos ahora, pero creo que es hora de &hellip;<\/p>\n","protected":false},"author":2,"featured_media":35246,"comment_status":"open","ping_status":"open","sticky":false,"template":"","format":"standard","meta":{"_jetpack_memberships_contains_paid_content":false,"footnotes":"","jetpack_publicize_message":"","jetpack_publicize_feature_enabled":true,"jetpack_social_post_already_shared":true,"jetpack_social_options":{"image_generator_settings":{"template":"highway","default_image_id":0,"font":"","enabled":false},"version":2}},"categories":[639,14],"tags":[],"class_list":["post-35245","post","type-post","status-publish","format-standard","has-post-thumbnail","hentry","category-argentina","category-politica"],"jetpack_publicize_connections":[],"jetpack_featured_media_url":"https:\/\/portalmovil.com.ar\/wp-content\/uploads\/2021\/07\/639048aa-789f-4d4f-8c02-e6c707ff0f4b.jpg","jetpack_sharing_enabled":true,"amp_enabled":true,"_links":{"self":[{"href":"https:\/\/portalmovil.com.ar\/index.php\/wp-json\/wp\/v2\/posts\/35245","targetHints":{"allow":["GET"]}}],"collection":[{"href":"https:\/\/portalmovil.com.ar\/index.php\/wp-json\/wp\/v2\/posts"}],"about":[{"href":"https:\/\/portalmovil.com.ar\/index.php\/wp-json\/wp\/v2\/types\/post"}],"author":[{"embeddable":true,"href":"https:\/\/portalmovil.com.ar\/index.php\/wp-json\/wp\/v2\/users\/2"}],"replies":[{"embeddable":true,"href":"https:\/\/portalmovil.com.ar\/index.php\/wp-json\/wp\/v2\/comments?post=35245"}],"version-history":[{"count":1,"href":"https:\/\/portalmovil.com.ar\/index.php\/wp-json\/wp\/v2\/posts\/35245\/revisions"}],"predecessor-version":[{"id":35247,"href":"https:\/\/portalmovil.com.ar\/index.php\/wp-json\/wp\/v2\/posts\/35245\/revisions\/35247"}],"wp:featuredmedia":[{"embeddable":true,"href":"https:\/\/portalmovil.com.ar\/index.php\/wp-json\/wp\/v2\/media\/35246"}],"wp:attachment":[{"href":"https:\/\/portalmovil.com.ar\/index.php\/wp-json\/wp\/v2\/media?parent=35245"}],"wp:term":[{"taxonomy":"category","embeddable":true,"href":"https:\/\/portalmovil.com.ar\/index.php\/wp-json\/wp\/v2\/categories?post=35245"},{"taxonomy":"post_tag","embeddable":true,"href":"https:\/\/portalmovil.com.ar\/index.php\/wp-json\/wp\/v2\/tags?post=35245"}],"curies":[{"name":"wp","href":"https:\/\/api.w.org\/{rel}","templated":true}]}}