{"id":35229,"date":"2021-07-31T19:19:22","date_gmt":"2021-07-31T22:19:22","guid":{"rendered":"https:\/\/portalmovil.com.ar\/?p=35229"},"modified":"2021-07-31T19:19:24","modified_gmt":"2021-07-31T22:19:24","slug":"inauguraron-la-ruta-provincial-n-1-y-el-acceso-a-general-vedia","status":"publish","type":"post","link":"https:\/\/portalmovil.com.ar\/index.php\/2021\/07\/31\/inauguraron-la-ruta-provincial-n-1-y-el-acceso-a-general-vedia\/","title":{"rendered":"Inauguraron la ruta provincial N\u00b0 1 y el acceso a General Vedia"},"content":{"rendered":"\n<p>El gobernador Jorge Capitanich y la vicegobernadora Anal\u00eda Rach Quiroga inauguraron este s\u00e1bado las obras de pavimentaci\u00f3n de la ruta provincial N\u00b01 con el empalme de la ruta N\u00b0&nbsp;<a href=\"geo:0,0?q=56 y el acceso a General Vedia paralizadas en 2015\">56 y el acceso a General Vedia, paralizadas en 2015<\/a>&nbsp;y retomadas con fondos propios. \u201cEstamos aqu\u00ed con mucha hidalgu\u00eda porque sentimos que cada obra forma parte de una reparaci\u00f3n hist\u00f3rica hacia nuestros pobladores de distintos rincones de nuestra tierra\u201d, destac\u00f3 el mandatario, quien estuvo acompa\u00f1ado de intendentes del departamento Bermejo.<\/p>\n\n\n\n<p>\u201cEsta obra de conectividad vial, permitir\u00e1 fortalecer la red de proveedores locales y la producci\u00f3n de alimentos del departamento Bermejo. Tenemos el firme compromiso de unir nuestras localidades transformando la realidad del Chaco con m\u00e1s inclusi\u00f3n y dignidad\u201d, resalt\u00f3 Capitanich.<\/p>\n\n\n\n<p>La obra consisti\u00f3 en la ejecuci\u00f3n de 8.223 metros de pavimento sobre la ruta provincial N\u00b0 1, y otros 1.031 metros correspondientes al acceso a General Vedia. Demand\u00f3 una inversi\u00f3n de $<a href=\"tel:184.073.597\">184.073.597<\/a>&nbsp;y fue financiada por la Administraci\u00f3n de la Direcci\u00f3n de Vialidad Provincial, quien retom\u00f3 la obra luego de su paralizaci\u00f3n en 2015. Adem\u00e1s, se realizaron obras faltantes del puente del arroyo Qui\u00e1 y de la conexi\u00f3n con la ruta provincial N\u00b0 56.<\/p>\n\n\n\n<p>Los trabajos implican tambi\u00e9n brindar una conectividad vial al pueblo que hasta el momento no ten\u00eda, enlazando el pavimento urbano de General Vedia con un acceso que brinda comodidad y seguridad a los pobladores de la zona. \u201cEstamos trabajando con Fonplata en la extensi\u00f3n de la ruta 56 y el acceso al Puerto de Las Palmas, al igual que en la repavimentaci\u00f3n del empalme de la ruta 11 hasta La Leonesa, por lo que tendremos todo el departamento Bermejo con rutas en \u00f3ptimas condiciones\u201d, asegur\u00f3 el gobernador.<\/p>\n\n\n\n<p>Capitanich tambi\u00e9n hizo hincapi\u00e9 en las cr\u00edticas a las obras de pavimentaci\u00f3n que lleva adelante su gesti\u00f3n. \u201cMuchos nos dicen que \u2018el pavimento no se come\u2019, pero mi respuesta siempre es que \u2018el pavimento da de comer a muchas personas\u2019. No es lo mismo para un productor tener o no pavimento, ni para un comerciante, ni para alguien de la agricultura familiar, ni para los docentes, ni para una ambulancia. El pavimento salva vidas, genera ingresos, y brinda seguridad\u201d, recalc\u00f3.<\/p>\n\n\n\n<p>\u201cTodos los d\u00edas nos ven inaugurando obras, ya sea en una ciudad o pueblo, o en un paraje rural de nuestra provincia. Sentimos orgullo por nuestras obras, porque es en beneficio de todos y porque la recuperaci\u00f3n econ\u00f3mica fluye, as\u00ed como la generaci\u00f3n de empleo y el salario real. Y, sin embargo, nos queda por hacer a\u00fan mucho m\u00e1s\u201d, finaliz\u00f3 Capitanich.<\/p>\n","protected":false},"excerpt":{"rendered":"<p>El gobernador Jorge Capitanich y la vicegobernadora Anal\u00eda Rach Quiroga inauguraron este s\u00e1bado las obras de pavimentaci\u00f3n de la ruta provincial N\u00b01 con el empalme de la ruta N\u00b0&nbsp;56 y el acceso a General Vedia, paralizadas en 2015&nbsp;y retomadas con fondos propios. \u201cEstamos aqu\u00ed con mucha hidalgu\u00eda porque sentimos que cada obra forma parte de &hellip;<\/p>\n","protected":false},"author":2,"featured_media":35230,"comment_status":"open","ping_status":"open","sticky":false,"template":"","format":"standard","meta":{"_jetpack_memberships_contains_paid_content":false,"footnotes":"","jetpack_publicize_message":"","jetpack_publicize_feature_enabled":true,"jetpack_social_post_already_shared":true,"jetpack_social_options":{"image_generator_settings":{"template":"highway","default_image_id":0,"font":"","enabled":false},"version":2}},"categories":[5,42,12],"tags":[],"class_list":["post-35229","post","type-post","status-publish","format-standard","has-post-thumbnail","hentry","category-chaco","category-interior","category-ultimo"],"jetpack_publicize_connections":[],"jetpack_featured_media_url":"https:\/\/portalmovil.com.ar\/wp-content\/uploads\/2021\/07\/225554977_4758651400816347_4847056329516315464_n.jpg","jetpack_sharing_enabled":true,"amp_enabled":true,"_links":{"self":[{"href":"https:\/\/portalmovil.com.ar\/index.php\/wp-json\/wp\/v2\/posts\/35229","targetHints":{"allow":["GET"]}}],"collection":[{"href":"https:\/\/portalmovil.com.ar\/index.php\/wp-json\/wp\/v2\/posts"}],"about":[{"href":"https:\/\/portalmovil.com.ar\/index.php\/wp-json\/wp\/v2\/types\/post"}],"author":[{"embeddable":true,"href":"https:\/\/portalmovil.com.ar\/index.php\/wp-json\/wp\/v2\/users\/2"}],"replies":[{"embeddable":true,"href":"https:\/\/portalmovil.com.ar\/index.php\/wp-json\/wp\/v2\/comments?post=35229"}],"version-history":[{"count":1,"href":"https:\/\/portalmovil.com.ar\/index.php\/wp-json\/wp\/v2\/posts\/35229\/revisions"}],"predecessor-version":[{"id":35231,"href":"https:\/\/portalmovil.com.ar\/index.php\/wp-json\/wp\/v2\/posts\/35229\/revisions\/35231"}],"wp:featuredmedia":[{"embeddable":true,"href":"https:\/\/portalmovil.com.ar\/index.php\/wp-json\/wp\/v2\/media\/35230"}],"wp:attachment":[{"href":"https:\/\/portalmovil.com.ar\/index.php\/wp-json\/wp\/v2\/media?parent=35229"}],"wp:term":[{"taxonomy":"category","embeddable":true,"href":"https:\/\/portalmovil.com.ar\/index.php\/wp-json\/wp\/v2\/categories?post=35229"},{"taxonomy":"post_tag","embeddable":true,"href":"https:\/\/portalmovil.com.ar\/index.php\/wp-json\/wp\/v2\/tags?post=35229"}],"curies":[{"name":"wp","href":"https:\/\/api.w.org\/{rel}","templated":true}]}}