{"id":35193,"date":"2021-07-31T09:34:06","date_gmt":"2021-07-31T12:34:06","guid":{"rendered":"https:\/\/portalmovil.com.ar\/?p=35193"},"modified":"2021-07-31T09:34:09","modified_gmt":"2021-07-31T12:34:09","slug":"refaccionaran-la-plaza-del-barrio-97-viviendas-de-barranqueras","status":"publish","type":"post","link":"https:\/\/portalmovil.com.ar\/index.php\/2021\/07\/31\/refaccionaran-la-plaza-del-barrio-97-viviendas-de-barranqueras\/","title":{"rendered":"Refaccionar\u00e1n la plaza del barrio 97 Viviendas de Barranqueras"},"content":{"rendered":"\n<p>El ministro de Gobierno, Juan Manuel Chapo, y la intendenta, Magda Ayala, firmaron un convenio para refuncionalizar el predio. \u201cEs una obra muy importante que trabajaremos con el municipio y va a transformar este espacio, para ponerlo a disposici\u00f3n de los vecinos, para el disfrute y recreaci\u00f3n de las familias de la zona\u201d, expres\u00f3 el ministro.<\/p>\n\n\n\n<figure class=\"wp-block-image\"><img decoding=\"async\" src=\"http:\/\/wp.chdxd.coninfo.net\/wp-content\/uploads\/2017\/04\/280_96.png\" alt=\"Chaco d\u00eda por d\u00eda\" title=\"Chaco d\u00eda por d\u00eda\"\/><\/figure>\n\n\n\n<h1 class=\"wp-block-heading\">Acuerdo del Gobierno y Municipio de Barranqueras para mejorar una plaza<\/h1>\n\n\n\n<p>Juan Manuel Chapo por el Ministerio de Gobierno y Magda Ayala por la Municipalidad de Barranqueras firmaron un convenio para refaccionar y refuncionalizar la plaza del Barrio 97 viviendas de la ciudadviernes, 30 julio 2021&nbsp;&nbsp;&nbsp;&nbsp;<\/p>\n\n\n\n<figure class=\"wp-block-image\"><img decoding=\"async\" src=\"https:\/\/www.chacodiapordia.com\/wp-content\/uploads\/2021\/07\/Barranqueras-PlazaRAlfonsin-696x501.jpg\" alt=\"\" title=\"Barranqueras-PlazaRAlfonsin\"\/><figcaption>Vista de la plaza que ser\u00e1 refaccionada.<\/figcaption><\/figure>\n\n\n\n<p>Se firm\u00f3 un convenio entre el Ministerio de Gobierno y Trabajo y el Municipio de Barranqueras para la refacci\u00f3n y refuncionalizaci\u00f3n de la Plaza B\u00ba 97 Viviendas \u2013 Ra\u00fal Alfons\u00edn- UTEDYC con una inversi\u00f3n superior a los ocho millones de pesos y un plazo de ejecuci\u00f3n de seis meses.<\/p>\n\n\n\n<p>\u201cHoy es un d\u00eda para celebrar porque hemos firmado un convenio con Juan Manuel Chapo del Ministerio de Gobierno para la recuperaci\u00f3n de una plazoleta, con quien venimos realizando muchas intervenciones en nuestra localidad y es muy importante resaltarlo\u201d expres\u00f3 la intendenta Magda Ayala.<\/p>\n\n\n\n<p>\u201cEsto habla de responsabilidad, compromiso, trabajo, y mucho amor ya que recuperar y refuncionalizar este espacio, significa respetar a las quinientas familias que viven alrededor y les da un lugar para disfrutar en esta pandemia, de un espacio al aire libre\u201d agreg\u00f3.<\/p>\n\n\n\n<p>\u201cEl plazo de obra es de seis meses, pero nos comprometemos desde el municipio en terminarlo antes, con mucho esfuerzo. Con el Ministerio de Gobierno hemos recuperado ya el Paseo Sur y desde all\u00ed se pod\u00eda observar una usurpaci\u00f3n de treinta familias que haciendo el trabajo correspondiente pudimos llegar a este hermoso lugar que lo podemos disfrutar junto a las familias de esa gran barriada\u201d record\u00f3 la jefa comunal.<\/p>\n\n\n\n<p>\u201cCon el Ministerio hemos realizado el circuito de veredas y hemos conectado todas las instituciones importantes, como jardines, escuelas y centros de salud. Barranqueras fue una localidad estancada y olvidada por mucho tiempo y gracias a funcionarios como Chapo podremos poner a nuestra ciudad de pie\u201d finaliz\u00f3 Ayala.<\/p>\n\n\n\n<p><strong>Lograr la recuperaci\u00f3n e inclusi\u00f3n de los espacios para los vecinos<\/strong><\/p>\n\n\n\n<p>Por su parte, el ministro de Gobierno y Trabajo, Juan Manuel Chapo, manifest\u00f3 \u201ces una obra muy importante que trabajaremos con el municipio a partir del proyecto elaborado por el equipo del municipio, que ser\u00e1 financiado por el Ministerio de Gobierno y que va a transformar este espacio, para ponerlo a disposici\u00f3n de los vecinos, para el disfrute y recreaci\u00f3n de las familias de la zona\u201d.<\/p>\n\n\n\n<p>\u201cTiene que ver con una mirada de recuperaci\u00f3n e inclusi\u00f3n en el espacio p\u00fablico, con calidad que les permita mejorar su vida. M\u00e1s espacios verdes implican mejor calidad de vida, por eso nos planteamos junto a la intendenta poder trabajar como ya lo hemos hecho. Es una ciudad que est\u00e1 en un proceso de transformaci\u00f3n, con la conducci\u00f3n de una intendente que tiene una visi\u00f3n de c\u00f3mo hacer las cosas y que le da importancia a los espacios verdes, lo que nos permitir\u00e1 en poco tiempo, tener un lugar que ser\u00e1 un verdadero orgullo\u201d, agreg\u00f3.<\/p>\n\n\n\n<p><strong>En qu\u00e9 consiste la obra<\/strong><\/p>\n\n\n\n<p>La refuncionalizaci\u00f3n consiste en realizar tareas de Nivelaci\u00f3n de terreno, retiro de tierra y replanteo de obra, cartel de obra; los contra pisos para senderos, ser\u00e1n de H\u00ba P\u00ba sobre terreno natural de espesor 10 cm. Baldosas cement\u00edcias color gris y de color beige, piso de hormig\u00f3n estampado color, baldosas cement\u00edcias podot\u00e1ctiles amarillas, baldosas de caucho, rampas para&nbsp;&nbsp;sillas de ruedas en esquinas; instalaci\u00f3n el\u00e9ctrica con pilar completo, tablero para alumbrado p\u00fablico, conexi\u00f3n subterr\u00e1nea&nbsp;&nbsp;de farolas de iluminaci\u00f3n. Diez columnas de iluminaci\u00f3n completas Led de h=4 mts, dos columnas met\u00e1licas completas h=8 mts triple pescante con artefacto Led; el equipamiento urbano consiste en cestos de residuos urbano met\u00e1licos,&nbsp;&nbsp;juegos integradores&nbsp;&nbsp;con p\u00f3rtico hamaca de cuatro asientos, hamaca integradora para silla de ruedas, calesita integradora, sube y baja doble, sube y baja integrador para silla de ruedas, paneles de se\u00f1a, tambores musicales y bancos de madera, parquizaci\u00f3n de \u00e1rboles, incluye excavaci\u00f3n y colocaci\u00f3n de gu\u00edas de crecimiento, c\u00e9sped criollo.<\/p>\n","protected":false},"excerpt":{"rendered":"<p>El ministro de Gobierno, Juan Manuel Chapo, y la intendenta, Magda Ayala, firmaron un convenio para refuncionalizar el predio. \u201cEs una obra muy importante que trabajaremos con el municipio y va a transformar este espacio, para ponerlo a disposici\u00f3n de los vecinos, para el disfrute y recreaci\u00f3n de las familias de la zona\u201d, expres\u00f3 el &hellip;<\/p>\n","protected":false},"author":2,"featured_media":35194,"comment_status":"open","ping_status":"open","sticky":false,"template":"","format":"standard","meta":{"_jetpack_memberships_contains_paid_content":false,"footnotes":"","jetpack_publicize_message":"","jetpack_publicize_feature_enabled":true,"jetpack_social_post_already_shared":true,"jetpack_social_options":{"image_generator_settings":{"template":"highway","default_image_id":0,"font":"","enabled":false},"version":2}},"categories":[28,5],"tags":[],"class_list":["post-35193","post","type-post","status-publish","format-standard","has-post-thumbnail","hentry","category-actualidad","category-chaco"],"jetpack_publicize_connections":[],"jetpack_featured_media_url":"https:\/\/portalmovil.com.ar\/wp-content\/uploads\/2021\/07\/610455512aceb209890951.jpg","jetpack_sharing_enabled":true,"amp_enabled":true,"_links":{"self":[{"href":"https:\/\/portalmovil.com.ar\/index.php\/wp-json\/wp\/v2\/posts\/35193","targetHints":{"allow":["GET"]}}],"collection":[{"href":"https:\/\/portalmovil.com.ar\/index.php\/wp-json\/wp\/v2\/posts"}],"about":[{"href":"https:\/\/portalmovil.com.ar\/index.php\/wp-json\/wp\/v2\/types\/post"}],"author":[{"embeddable":true,"href":"https:\/\/portalmovil.com.ar\/index.php\/wp-json\/wp\/v2\/users\/2"}],"replies":[{"embeddable":true,"href":"https:\/\/portalmovil.com.ar\/index.php\/wp-json\/wp\/v2\/comments?post=35193"}],"version-history":[{"count":1,"href":"https:\/\/portalmovil.com.ar\/index.php\/wp-json\/wp\/v2\/posts\/35193\/revisions"}],"predecessor-version":[{"id":35195,"href":"https:\/\/portalmovil.com.ar\/index.php\/wp-json\/wp\/v2\/posts\/35193\/revisions\/35195"}],"wp:featuredmedia":[{"embeddable":true,"href":"https:\/\/portalmovil.com.ar\/index.php\/wp-json\/wp\/v2\/media\/35194"}],"wp:attachment":[{"href":"https:\/\/portalmovil.com.ar\/index.php\/wp-json\/wp\/v2\/media?parent=35193"}],"wp:term":[{"taxonomy":"category","embeddable":true,"href":"https:\/\/portalmovil.com.ar\/index.php\/wp-json\/wp\/v2\/categories?post=35193"},{"taxonomy":"post_tag","embeddable":true,"href":"https:\/\/portalmovil.com.ar\/index.php\/wp-json\/wp\/v2\/tags?post=35193"}],"curies":[{"name":"wp","href":"https:\/\/api.w.org\/{rel}","templated":true}]}}