{"id":35092,"date":"2021-07-30T12:08:15","date_gmt":"2021-07-30T15:08:15","guid":{"rendered":"https:\/\/portalmovil.com.ar\/?p=35092"},"modified":"2021-07-30T12:08:17","modified_gmt":"2021-07-30T15:08:17","slug":"compro-un-colectivo-para-convertirlo-en-vivienda-y-encontro-oculto-un-millonario-cargamento-de-droga-en-allen","status":"publish","type":"post","link":"https:\/\/portalmovil.com.ar\/index.php\/2021\/07\/30\/compro-un-colectivo-para-convertirlo-en-vivienda-y-encontro-oculto-un-millonario-cargamento-de-droga-en-allen\/","title":{"rendered":"Compr\u00f3 un colectivo para convertirlo en vivienda y encontr\u00f3 oculto un millonario cargamento de droga en Allen"},"content":{"rendered":"\n<p>Ocurri\u00f3 en R\u00edo Negro. Hab\u00eda cinco kilos de coca\u00edna oculta detr\u00e1s de una pared, valuada en m\u00e1s de 90 mil d\u00f3lares. Presumen que estaba all\u00ed desde hace un largo tiempo.<\/p>\n\n\n\n<p>Un ins\u00f3lito hecho se produjo en las \u00faltimas horas en Allen,\u00a0R\u00edo Negro, luego de que un vecino que hab\u00eda comprado un colectivo para usarlo como vivienda hallara en el chasis un importante cargamento de\u00a0droga.<\/p>\n\n\n\n<p>El hombre, quien el pasado domingo comenz\u00f3 a desmantelar el veh\u00edculo con el objetivo de reciclarlo y transformarlo en un hogar,\u00a0<strong>encontr\u00f3 los 8 Kg de estupefacientes ocultos detr\u00e1s de los paneles que hac\u00edan las veces de pared.<\/strong><\/p>\n\n\n\n<p>La droga hallada en el rodado fue&nbsp;<strong>valuada en unos 90 mil d\u00f3lares<\/strong>, indicaron fuentes policiales a la prensa local. Al parecer, hab\u00eda permanecido muchos a\u00f1os escondida detr\u00e1s del espejo del ba\u00f1o hasta que, de casualidad, fue encontrada por el vecino oriundo de Allen.<\/p>\n\n\n\n<p>Tras el hallazgo, el comprador se present\u00f3 en la dependencia de la Polic\u00eda Federal en Roca y realiz\u00f3 la denuncia. Los agentes, r\u00e1pidamente, activaron los protocolos para comenzar con la investigaci\u00f3n pertinente, detallaron los voceros.<\/p>\n\n\n\n<p>Las primeras impresiones de los efectivos policiales que llegaron al lugar y las pericias determinaron que la droga es de vieja data.&nbsp;\u201cLa coca\u00edna ten\u00eda un color amarillento, lo que indica que llevaba en ese lugar muchos a\u00f1os\u201d, precisaron las fuentes. Estiman que estuvo en ese lugar escondida por cerca de dos d\u00e9cadas, indic\u00f3 el diario&nbsp;<em>R\u00edo Negro<\/em><strong>.<\/strong><\/p>\n\n\n\n<p>El juez orden\u00f3 a los investigadores de la PFA que revisen cada hueco de la estructura. La Delegaci\u00f3n de Toxicoman\u00edas de General Roca procedi\u00f3 a secuestrar la droga y desmantelar el resto del veh\u00edculo. Se desconoce, hasta el momento, si encontraron m\u00e1s coca\u00edna.&nbsp;<strong>Tampoco trascendi\u00f3 si hay alguna pista de qui\u00e9n podr\u00eda ser el due\u00f1o de la droga.<\/strong><\/p>\n\n\n\n<p>Sin embargo, por la cantidad de tiempo que el colectivo estuvo abandonado, fuentes ligadas a la investigaci\u00f3n descartan que el cargamento est\u00e9 relacionado con las organizaciones narco que cayeron en el \u00faltimo tiempo en la regi\u00f3n.<\/p>\n\n\n\n<figure class=\"wp-block-video\"><video controls src=\"blob:https:\/\/tn.com.ar\/1f74d2fc-51d0-423e-b67b-abf9b26e298c\"><\/video><\/figure>\n\n\n\n<p>Aunque se concretaron los secuestros correspondientes, se inform\u00f3 que no se realizar\u00e1 ninguna otra medida judicial sobre el caso. Seg\u00fan explicaron, debido al tiempo transcurrido, el delito ya est\u00e1 prescripto.<\/p>\n\n\n\n<p>\u201cSi estamos hablando que esta droga lleva escondida m\u00e1s de dos d\u00e9cadas, ya no hay delito que investigar\u201d, revel\u00f3 una fuente judicial al diario rionegrino.<\/p>\n\n\n\n<p><\/p>\n","protected":false},"excerpt":{"rendered":"<p>Ocurri\u00f3 en R\u00edo Negro. Hab\u00eda cinco kilos de coca\u00edna oculta detr\u00e1s de una pared, valuada en m\u00e1s de 90 mil d\u00f3lares. Presumen que estaba all\u00ed desde hace un largo tiempo.<\/p>\n","protected":false},"author":2,"featured_media":35093,"comment_status":"open","ping_status":"open","sticky":false,"template":"","format":"standard","meta":{"_jetpack_memberships_contains_paid_content":false,"footnotes":"","jetpack_publicize_message":"","jetpack_publicize_feature_enabled":true,"jetpack_social_post_already_shared":true,"jetpack_social_options":{"image_generator_settings":{"template":"highway","default_image_id":0,"font":"","enabled":false},"version":2}},"categories":[8],"tags":[],"class_list":["post-35092","post","type-post","status-publish","format-standard","has-post-thumbnail","hentry","category-policiales"],"jetpack_publicize_connections":[],"jetpack_featured_media_url":"https:\/\/portalmovil.com.ar\/wp-content\/uploads\/2021\/07\/colectivo-droga.jpg","jetpack_sharing_enabled":true,"amp_enabled":true,"_links":{"self":[{"href":"https:\/\/portalmovil.com.ar\/index.php\/wp-json\/wp\/v2\/posts\/35092","targetHints":{"allow":["GET"]}}],"collection":[{"href":"https:\/\/portalmovil.com.ar\/index.php\/wp-json\/wp\/v2\/posts"}],"about":[{"href":"https:\/\/portalmovil.com.ar\/index.php\/wp-json\/wp\/v2\/types\/post"}],"author":[{"embeddable":true,"href":"https:\/\/portalmovil.com.ar\/index.php\/wp-json\/wp\/v2\/users\/2"}],"replies":[{"embeddable":true,"href":"https:\/\/portalmovil.com.ar\/index.php\/wp-json\/wp\/v2\/comments?post=35092"}],"version-history":[{"count":1,"href":"https:\/\/portalmovil.com.ar\/index.php\/wp-json\/wp\/v2\/posts\/35092\/revisions"}],"predecessor-version":[{"id":35094,"href":"https:\/\/portalmovil.com.ar\/index.php\/wp-json\/wp\/v2\/posts\/35092\/revisions\/35094"}],"wp:featuredmedia":[{"embeddable":true,"href":"https:\/\/portalmovil.com.ar\/index.php\/wp-json\/wp\/v2\/media\/35093"}],"wp:attachment":[{"href":"https:\/\/portalmovil.com.ar\/index.php\/wp-json\/wp\/v2\/media?parent=35092"}],"wp:term":[{"taxonomy":"category","embeddable":true,"href":"https:\/\/portalmovil.com.ar\/index.php\/wp-json\/wp\/v2\/categories?post=35092"},{"taxonomy":"post_tag","embeddable":true,"href":"https:\/\/portalmovil.com.ar\/index.php\/wp-json\/wp\/v2\/tags?post=35092"}],"curies":[{"name":"wp","href":"https:\/\/api.w.org\/{rel}","templated":true}]}}