{"id":35087,"date":"2021-07-30T12:02:12","date_gmt":"2021-07-30T15:02:12","guid":{"rendered":"https:\/\/portalmovil.com.ar\/?p=35087"},"modified":"2021-07-30T12:02:14","modified_gmt":"2021-07-30T15:02:14","slug":"luego-del-caso-chano-oposicion-presenta-proyecto-para-uso-de-armas-taser","status":"publish","type":"post","link":"https:\/\/portalmovil.com.ar\/index.php\/2021\/07\/30\/luego-del-caso-chano-oposicion-presenta-proyecto-para-uso-de-armas-taser\/","title":{"rendered":"Luego del caso Chano, oposici\u00f3n presenta proyecto para uso de armas Taser"},"content":{"rendered":"\n<p>Lo present\u00f3 el diputado nacional por la provincia de Mendoza de Juntos por el Cambio Luis Petri. Buscan que se autorizan las pistolas Taser.<\/p>\n\n\n\n<p><strong>El diputado nacional de Juntos por el Cambio Luis Petri\u00a0<\/strong>present\u00f3 un proyecto de ley para autorizar y regular el\u00a0<strong>uso de armas no letales<\/strong>\u00a0por parte de las Fuerzas Policiales y de\u00a0Seguridad\u00a0Nacional y establecer normas que determinen en qu\u00e9 condiciones y circunstancias pueden ser utilizadas uniformando las reglas que habilitan su uso, luego de la pol\u00e9mica generado por el caso del cantante\u00a0Chano Charpentier.<\/p>\n\n\n\n<p><strong>\u00abDe haber contado con las taser, hoy no tendr\u00edamos que lamentar casos como los de Chano o el fallecimiento del polic\u00eda Rold\u00e1n.<\/strong>\u00a0En diciembre del 2019, el actual Gobierno derog\u00f3 el protocolo de uso de armas de fuego y no letales. Atando de manos y exponiendo a la polic\u00eda. Tanto las Fuerzas Federales, como las provinciales, deben estar dotadas de\u00a0pistolas taser, capacitado el personal policial y establecidos los protocolos para su correcto funcionamiento. No hay excusas para que ello no suceda\u00bb, asegur\u00f3 el diputado mendocino.<\/p>\n\n\n\n<p>\u00abCabe recordar que en el a\u00f1o 2019 el Ministerio de Seguridad emiti\u00f3 la Resoluci\u00f3n 395\/2019,&nbsp;<strong>dictada por la entonces Ministra de Seguridad Patricia Bullrich<\/strong>, mediante la cual se aprobaba y reglamentaba su uso, normativa fue derogada por el actual Gobierno Nacional, mediante la Resoluci\u00f3n 1231\/2019, lo que ha ocasionado un vac\u00edo legal en esta materia y la imposibilidad de proceder a su adecuado y correcto empleo\u00bb, agreg\u00f3.<\/p>\n\n\n\n<p>\u00abNuestra iniciativa recepta la buena reglamentaci\u00f3n dictada por el Poder Ejecutivo en el a\u00f1o 2019, pero adem\u00e1s dispone, a fin de eliminar cualquier tipo de controversia respecto de las mismas, que s\u00f3lo deber\u00e1n utilizarse exclusivamente en situaciones en que hubiera estado justificado el empleo de una fuerza mayor o letal y siempre que no produjere un da\u00f1o excesivamente superior al que se quiere hacer cesar\u00bb, complet\u00f3.<\/p>\n\n\n\n<p>Adem\u00e1s, proh\u00edbe su utilizaci\u00f3n contra personas vulnerables, tales como ni\u00f1os, mujeres embarazadas o ancianos y en otros supuestos que&nbsp;<strong>\u00abno hagan aconsejable su uso de acuerdo a criterios cient\u00edficos y conforme lo determine la reglamentaci\u00f3n\u00bb<\/strong>&nbsp;remarc\u00f3 el autor de la ley.<\/p>\n\n\n\n<figure class=\"wp-block-image size-large\"><img loading=\"lazy\" decoding=\"async\" width=\"730\" height=\"425\" src=\"https:\/\/portalmovil.com.ar\/wp-content\/uploads\/2021\/07\/pistolas-taser-1.jpg\" alt=\"\" class=\"wp-image-35089\" srcset=\"https:\/\/portalmovil.com.ar\/wp-content\/uploads\/2021\/07\/pistolas-taser-1.jpg 730w, https:\/\/portalmovil.com.ar\/wp-content\/uploads\/2021\/07\/pistolas-taser-1-300x175.jpg 300w\" sizes=\"auto, (max-width: 730px) 100vw, 730px\" \/><\/figure>\n\n\n\n<p>El proyecto<strong>&nbsp;\u00abimpone al Ministerio de Seguridad el deber de elaborar un informe anual, con la evaluaci\u00f3n y el seguimiento respecto del uso de armas no letales por parte de las Fuerzas Policiales y de Seguridad Nacional,<\/strong>&nbsp;el que deber\u00e1 ser remitido a las Comisiones de Seguridad Interior de ambas C\u00e1maras Legislativas del Congreso de la Naci\u00f3n con las recomendaciones respecto a las posibles modificaci\u00f3n del marco normativo\u201d.<\/p>\n\n\n\n<p>Por \u00faltimo, establece la obligatoriedad de contar con armas electr\u00f3nicas no letales en todos los m\u00f3viles policiales afectados a tareas de prevenci\u00f3n y su disponibilidad en eventos, espect\u00e1culos o lugares de concurrencia masiva de p\u00fablico donde el uso del arma de fuego pueda suponer un riesgo a la vida de terceros.<\/p>\n\n\n\n<p><strong>\u00abEs imprescindible aprobar dicha normativa para tener que dejar de lamentar hechos graves,<\/strong>&nbsp;sea por la utilizaci\u00f3n de armas de fuego o desistir del uso de la misma, dotando al personal de las fuerzas de seguridad de una alternativa intermedia que, de manera proporcional y racional, sea id\u00f3nea para repeler una agresi\u00f3n, defender la vida de terceros o evitar la comisi\u00f3n de un delito\u00bb, concluye el la iniciativa.<\/p>\n\n\n\n<p><\/p>\n","protected":false},"excerpt":{"rendered":"<p>Lo present\u00f3 el diputado nacional por la provincia de Mendoza de Juntos por el Cambio Luis Petri. Buscan que se autorizan las pistolas Taser.<\/p>\n","protected":false},"author":2,"featured_media":35090,"comment_status":"open","ping_status":"open","sticky":false,"template":"","format":"standard","meta":{"_jetpack_memberships_contains_paid_content":false,"footnotes":"","jetpack_publicize_message":"","jetpack_publicize_feature_enabled":true,"jetpack_social_post_already_shared":true,"jetpack_social_options":{"image_generator_settings":{"template":"highway","default_image_id":0,"font":"","enabled":false},"version":2}},"categories":[8],"tags":[],"class_list":["post-35087","post","type-post","status-publish","format-standard","has-post-thumbnail","hentry","category-policiales"],"jetpack_publicize_connections":[],"jetpack_featured_media_url":"https:\/\/portalmovil.com.ar\/wp-content\/uploads\/2021\/07\/pistolas-taser.jpg","jetpack_sharing_enabled":true,"amp_enabled":true,"_links":{"self":[{"href":"https:\/\/portalmovil.com.ar\/index.php\/wp-json\/wp\/v2\/posts\/35087","targetHints":{"allow":["GET"]}}],"collection":[{"href":"https:\/\/portalmovil.com.ar\/index.php\/wp-json\/wp\/v2\/posts"}],"about":[{"href":"https:\/\/portalmovil.com.ar\/index.php\/wp-json\/wp\/v2\/types\/post"}],"author":[{"embeddable":true,"href":"https:\/\/portalmovil.com.ar\/index.php\/wp-json\/wp\/v2\/users\/2"}],"replies":[{"embeddable":true,"href":"https:\/\/portalmovil.com.ar\/index.php\/wp-json\/wp\/v2\/comments?post=35087"}],"version-history":[{"count":1,"href":"https:\/\/portalmovil.com.ar\/index.php\/wp-json\/wp\/v2\/posts\/35087\/revisions"}],"predecessor-version":[{"id":35091,"href":"https:\/\/portalmovil.com.ar\/index.php\/wp-json\/wp\/v2\/posts\/35087\/revisions\/35091"}],"wp:featuredmedia":[{"embeddable":true,"href":"https:\/\/portalmovil.com.ar\/index.php\/wp-json\/wp\/v2\/media\/35090"}],"wp:attachment":[{"href":"https:\/\/portalmovil.com.ar\/index.php\/wp-json\/wp\/v2\/media?parent=35087"}],"wp:term":[{"taxonomy":"category","embeddable":true,"href":"https:\/\/portalmovil.com.ar\/index.php\/wp-json\/wp\/v2\/categories?post=35087"},{"taxonomy":"post_tag","embeddable":true,"href":"https:\/\/portalmovil.com.ar\/index.php\/wp-json\/wp\/v2\/tags?post=35087"}],"curies":[{"name":"wp","href":"https:\/\/api.w.org\/{rel}","templated":true}]}}