{"id":35080,"date":"2021-07-30T11:55:50","date_gmt":"2021-07-30T14:55:50","guid":{"rendered":"https:\/\/portalmovil.com.ar\/?p=35080"},"modified":"2021-07-30T11:55:53","modified_gmt":"2021-07-30T14:55:53","slug":"a-4-anos-de-la-muerte-de-santiago-maldonado-piden-que-se-active-la-causa-en-la-corte","status":"publish","type":"post","link":"https:\/\/portalmovil.com.ar\/index.php\/2021\/07\/30\/a-4-anos-de-la-muerte-de-santiago-maldonado-piden-que-se-active-la-causa-en-la-corte\/","title":{"rendered":"A 4 a\u00f1os de la muerte de Santiago Maldonado, piden que se active la causa en la Corte"},"content":{"rendered":"\n<p>Sergio Maldonado, hermano de Santiago Maldonado, el joven artesano que muri\u00f3 luego de estar con paradero desconocido durante 78 d\u00edas tras una represi\u00f3n ejecutada en agosto de 2017 por Gendarmer\u00eda en el noroeste de Chubut, pidi\u00f3 hoy que se \u00abactive la causa\u00bb y \u00abse investigue como desaparici\u00f3n forzada\u00bb.<\/p>\n\n\n\n<p><strong>\u00abContin\u00faa la impunidad a cuatro a\u00f1os. Necesitamos que se active la causa que est\u00e1 detenida desde marzo del a\u00f1o pasado en la Corte Suprema de Justicia\u00bb,<\/strong>&nbsp;detall\u00f3 hoy Maldonado en declaraciones a El Destape Radio.<\/p>\n\n\n\n<p><a href=\"https:\/\/www.minutouno.com\/santiago-maldonado-a6809\" target=\"_blank\" rel=\"noreferrer noopener nofollow\">Santiago Maldonado<\/a>\u00a0desapareci\u00f3 el 1 de agosto de 2017, tras una violenta represi\u00f3n de Gendarmer\u00eda en la Lof en resistencia Cushamen, Chubut, y su cuerpo sin vida fue encontrado 78 d\u00edas despu\u00e9s, el 17 de octubre en el R\u00edo Chubut, 400 metros r\u00edo arriba de donde fue visto por \u00faltima vez.<\/p>\n\n\n\n<p>Sergio<strong>&nbsp;reclam\u00f3 la actuaci\u00f3n de \u00abun juez imparcial y que los hechos se investiguen como desaparici\u00f3n forzada\u00bb.<\/strong><\/p>\n\n\n\n<p>El hermano del joven artesano consider\u00f3 adem\u00e1s que por \u00abno haber hecho una investigaci\u00f3n como corresponde sobre la Gendarmer\u00eda, hoy sea noticia lo que sucedi\u00f3 con Bolivia\u00bb, en referencia al supuesto env\u00edo irregular de material b\u00e9lico a ese pa\u00eds de parte del Gobierno de Mauricio Macri en ocasi\u00f3n del golpe de Estado contra el entonces presidente Evo Morales.<\/p>\n\n\n\n<p>En la misma l\u00ednea, Maldonado relat\u00f3 que en una de las investigaciones sobre esa fuerza por la causa de Santiago,&nbsp;<strong>\u00abya se observ\u00f3 que los libros de la Gendarmer\u00eda estaban todos adulterados y eso tampoco se investig\u00f3\u00bb.<\/strong><\/p>\n\n\n\n<p><strong>\u00abEsto de Bolivia no es nuevo, era algo habitual al menos durante el Gobierno cuando estaba (la exministra de Seguridad, Patricia) Bullrich\u00bb<\/strong>, insisti\u00f3.<\/p>\n\n\n\n<figure class=\"wp-block-image size-large\"><img loading=\"lazy\" decoding=\"async\" width=\"730\" height=\"410\" src=\"https:\/\/portalmovil.com.ar\/wp-content\/uploads\/2021\/07\/santiago-maldonadojpg.jpg\" alt=\"\" class=\"wp-image-35082\" srcset=\"https:\/\/portalmovil.com.ar\/wp-content\/uploads\/2021\/07\/santiago-maldonadojpg.jpg 730w, https:\/\/portalmovil.com.ar\/wp-content\/uploads\/2021\/07\/santiago-maldonadojpg-300x168.jpg 300w\" sizes=\"auto, (max-width: 730px) 100vw, 730px\" \/><\/figure>\n\n\n\n<p>En tanto, pidi\u00f3 un juez imparcial debido a que&nbsp;<strong>\u00abhasta que la Corte no se expida sigue estando (Gustavo) Lleral que fue el mismo que dijo que Santiago se hab\u00eda ahogado solo\u00bb,<\/strong>&nbsp;consider\u00f3 que la investigaci\u00f3n \u00abest\u00e1 detenida desde noviembre del 2018\u00bb.<\/p>\n\n\n\n<p>Adem\u00e1s,<strong>&nbsp;remarc\u00f3 la necesidad de que \u00abse unifiquen las investigaciones bajo la car\u00e1tula de desaparici\u00f3n forzada\u00bb porque existe \u00abun conjunto de hechos que se derivan de lo mismo\u00bb.<\/strong><\/p>\n\n\n\n<p>Entre ellos cit\u00f3 \u00abla desaparici\u00f3n forzada de Santiago, el hallazgo, la difusi\u00f3n de la foto del cuerpo, las escuchas a mi tel\u00e9fono y el espionaje que me hicieron\u00bb.<\/p>\n\n\n\n<p><strong>\u00abSi lo investiga un solo juez va todo al mismo lugar y eso es lo que corresponde\u00bb,<\/strong>&nbsp;defini\u00f3.<\/p>\n\n\n\n<p>Asimismo, explic\u00f3 que<strong>&nbsp;\u00abla gente piensa que cuando aparece un cuerpo deja de ser desaparaci\u00f3n forzada pero hay que aclara que eso no cambia la car\u00e1tula, lo que hace es que la condena sea superior, por eso, muchas veces, los cuerpos no aparecen\u00bb.<\/strong><\/p>\n","protected":false},"excerpt":{"rendered":"<p>Sergio Maldonado, hermano de Santiago Maldonado, el joven artesano que muri\u00f3 luego de estar con paradero desconocido durante 78 d\u00edas tras una represi\u00f3n ejecutada en agosto de 2017 por Gendarmer\u00eda en el noroeste de Chubut, pidi\u00f3 hoy que se \u00abactive la causa\u00bb y \u00abse investigue como desaparici\u00f3n forzada\u00bb.<\/p>\n","protected":false},"author":2,"featured_media":35083,"comment_status":"open","ping_status":"open","sticky":false,"template":"","format":"standard","meta":{"_jetpack_memberships_contains_paid_content":false,"footnotes":"","jetpack_publicize_message":"","jetpack_publicize_feature_enabled":true,"jetpack_social_post_already_shared":true,"jetpack_social_options":{"image_generator_settings":{"template":"highway","default_image_id":0,"font":"","enabled":false},"version":2}},"categories":[3],"tags":[],"class_list":["post-35080","post","type-post","status-publish","format-standard","has-post-thumbnail","hentry","category-sociedad"],"jetpack_publicize_connections":[],"jetpack_featured_media_url":"https:\/\/portalmovil.com.ar\/wp-content\/uploads\/2021\/07\/541966_5938-1.jpg","jetpack_sharing_enabled":true,"amp_enabled":true,"_links":{"self":[{"href":"https:\/\/portalmovil.com.ar\/index.php\/wp-json\/wp\/v2\/posts\/35080","targetHints":{"allow":["GET"]}}],"collection":[{"href":"https:\/\/portalmovil.com.ar\/index.php\/wp-json\/wp\/v2\/posts"}],"about":[{"href":"https:\/\/portalmovil.com.ar\/index.php\/wp-json\/wp\/v2\/types\/post"}],"author":[{"embeddable":true,"href":"https:\/\/portalmovil.com.ar\/index.php\/wp-json\/wp\/v2\/users\/2"}],"replies":[{"embeddable":true,"href":"https:\/\/portalmovil.com.ar\/index.php\/wp-json\/wp\/v2\/comments?post=35080"}],"version-history":[{"count":1,"href":"https:\/\/portalmovil.com.ar\/index.php\/wp-json\/wp\/v2\/posts\/35080\/revisions"}],"predecessor-version":[{"id":35084,"href":"https:\/\/portalmovil.com.ar\/index.php\/wp-json\/wp\/v2\/posts\/35080\/revisions\/35084"}],"wp:featuredmedia":[{"embeddable":true,"href":"https:\/\/portalmovil.com.ar\/index.php\/wp-json\/wp\/v2\/media\/35083"}],"wp:attachment":[{"href":"https:\/\/portalmovil.com.ar\/index.php\/wp-json\/wp\/v2\/media?parent=35080"}],"wp:term":[{"taxonomy":"category","embeddable":true,"href":"https:\/\/portalmovil.com.ar\/index.php\/wp-json\/wp\/v2\/categories?post=35080"},{"taxonomy":"post_tag","embeddable":true,"href":"https:\/\/portalmovil.com.ar\/index.php\/wp-json\/wp\/v2\/tags?post=35080"}],"curies":[{"name":"wp","href":"https:\/\/api.w.org\/{rel}","templated":true}]}}