{"id":35005,"date":"2021-07-29T21:54:47","date_gmt":"2021-07-30T00:54:47","guid":{"rendered":"https:\/\/portalmovil.com.ar\/?p=35005"},"modified":"2021-07-29T21:54:49","modified_gmt":"2021-07-30T00:54:49","slug":"educacion-financiamiento-de-hasta-10-millones-a-proyectos","status":"publish","type":"post","link":"https:\/\/portalmovil.com.ar\/index.php\/2021\/07\/29\/educacion-financiamiento-de-hasta-10-millones-a-proyectos\/","title":{"rendered":"Educaci\u00f3n: financiamiento de hasta $10 millones a proyectos"},"content":{"rendered":"\n<p>La inscripci\u00f3n, abierta desde este jueves y hasta el 30 de agosto pr\u00f3ximo, est\u00e1 orientada a propuestas de educaci\u00f3n digital en poblaciones vulnerables, capacitaci\u00f3n docente en tecnolog\u00edas 4.0 y monitoreo de la educaci\u00f3n y del trabajo del futuro.<\/p>\n\n\n\n<p>El&nbsp;<strong>Consejo Econ\u00f3mico y Socia<\/strong>l, que preside el secretario de Asuntos Estrat\u00e9gicos,&nbsp;<strong>Gustavo Beliz<\/strong>, abri\u00f3 la convocatoria para la presentaci\u00f3n de proyectos innovadores para la<strong>&nbsp;Educaci\u00f3n y el Trabajo del Futuro<\/strong>&nbsp;relacionados con la educaci\u00f3n con un financiamiento de hasta<strong>&nbsp;$10 millones<\/strong>&nbsp;para quienes resulten seleccionados, se inform\u00f3 oficialmente.<\/p>\n\n\n\n<p>Las iniciativas seleccionadas acceder\u00e1n a un financiamiento de hasta $10 millones, seg\u00fan informaron desde el Consejo.<\/p>\n\n\n\n<p>\u00abLa pandemia extendi\u00f3 la&nbsp;<strong>digitalizaci\u00f3n&nbsp;<\/strong>a todos los \u00e1mbitos de la vida cotidiana, por lo que este jueves resulta necesario no s\u00f3lo contar con los dispositivos tecnol\u00f3gicos, sino tambi\u00e9n con los saberes para que su utilizaci\u00f3n abra el camino hacia el desarrollo personal y colectivo\u00bb, explicaron desde el organismo.<\/p>\n\n\n\n<p>En este contexto, el\u00a0<strong>Consejo Econ\u00f3mico y Social<\/strong>\u00a0busca seleccionar proyectos que tengan como objetivo \u00ab<strong>desarrollar habilidades digitales<\/strong>, sentar bases para la\u00a0<strong>capacitaci\u00f3n laboral en tecnolog\u00eda<\/strong>, formar docentes en tecnolog\u00eda 4.0 y construir un sistema para monitorear el cambio tecnol\u00f3gico en la educaci\u00f3n y en el trabajo\u00bb.<\/p>\n\n\n\n<p>Los proyectos deben encuadrarse en alguno de los siguientes temas<br>\u2022Capacitaci\u00f3n tecnol\u00f3gica 4.0: Formar docentes en las ciencias de la computaci\u00f3n (programaci\u00f3n, rob\u00f3tica, pensamiento l\u00f3gico-matem\u00e1tico, fabricaci\u00f3n digital, etc.) para incluir estos saberes en las nuevas formas de ense\u00f1anza y aprendizaje.<\/p>\n\n\n\n<p>\u2022Educaci\u00f3n digital para poblaciones vulnerables: Minimizar la brecha tecnol\u00f3gica y mejorar las oportunidades de empleabilidad y de ingresos a los sectores que m\u00e1s lo necesitan.<\/p>\n\n\n\n<figure class=\"wp-block-embed is-type-rich is-provider-twitter wp-block-embed-twitter\"><div class=\"wp-block-embed__wrapper\">\n<div class=\"embed-twitter\"><blockquote class=\"twitter-tweet\" data-width=\"500\" data-dnt=\"true\"><p lang=\"es\" dir=\"ltr\">Convocatoria de Proyectos Innovadores para la Educaci\u00f3n y el Trabajo del Futuro.<br><br>Un pa\u00eds conectado que construye un mejor presente para un mejor futuro.<br><br>Conoce m\u00e1s e inscribite en <a href=\"https:\/\/t.co\/A2NSEdXq0y\">https:\/\/t.co\/A2NSEdXq0y<\/a><a href=\"https:\/\/twitter.com\/hashtag\/LaArgentinaQuerida?src=hash&amp;ref_src=twsrc%5Etfw\">#LaArgentinaQuerida<\/a> <a href=\"https:\/\/t.co\/q7l56oxvLb\">pic.twitter.com\/q7l56oxvLb<\/a><\/p>&mdash; Consejo Econ\u00f3mico y Social (@consejo_ar) <a href=\"https:\/\/twitter.com\/consejo_ar\/status\/1420776128633995267?ref_src=twsrc%5Etfw\">July 29, 2021<\/a><\/blockquote><script async src=\"https:\/\/platform.twitter.com\/widgets.js\" charset=\"utf-8\"><\/script><\/div>\n<\/div><\/figure>\n\n\n\n<p>\u2022Formaci\u00f3n en tecnolog\u00edas 4.0: Actualizar los espacios formativos y de servicios tecnol\u00f3gicos. Brindar capacitaci\u00f3n a trabajadores\/as en conocimientos y tecnolog\u00eda de punta para ser aplicada en los entornos productivos locales y\/o la promoci\u00f3n de empleos verdes.<\/p>\n\n\n\n<p>\u2022Monitoreo de los trabajos del futuro: Anticipar la velocidad del cambio tecnol\u00f3gico y de la penetraci\u00f3n de las nuevas tecnolog\u00edas en el mercado laboral, las nuevas modalidades de organizaci\u00f3n del trabajo, y los cambios en los requerimientos del sector productivo sobre las destrezas, perfiles y habilidades de las personas.<\/p>\n\n\n\n<p>Podr\u00e1n presentarse a esta convocatoria de forma asociativa, las provincias, los Gobiernos locales, las organizaciones de la sociedad civil, universidades, fundaciones, sociedades, cooperativas y mutuales, organismos cient\u00edfico-tecnol\u00f3gicos, empresas y sociedades del Estado, entre otros.<\/p>\n\n\n\n<p>Se financiar\u00e1n proyectos hasta completar la suma de $150 millones y se destinar\u00e1 un monto m\u00e1ximo por proyecto a trav\u00e9s de aportes no reembolsables conforme a cada tema de hasta $6 millones para el primer tema; $10 millones para el segundo, hasta $10 millones para el tercero y de hasta $6 millones para el cuarto.<\/p>\n","protected":false},"excerpt":{"rendered":"<p>La inscripci\u00f3n, abierta desde este jueves y hasta el 30 de agosto pr\u00f3ximo, est\u00e1 orientada a propuestas de educaci\u00f3n digital en poblaciones vulnerables, capacitaci\u00f3n docente en tecnolog\u00edas 4.0 y monitoreo de la educaci\u00f3n y del trabajo del futuro.<\/p>\n","protected":false},"author":2,"featured_media":35006,"comment_status":"open","ping_status":"open","sticky":false,"template":"","format":"standard","meta":{"_jetpack_memberships_contains_paid_content":false,"footnotes":"","jetpack_publicize_message":"","jetpack_publicize_feature_enabled":true,"jetpack_social_post_already_shared":true,"jetpack_social_options":{"image_generator_settings":{"template":"highway","default_image_id":0,"font":"","enabled":false},"version":2}},"categories":[175],"tags":[],"class_list":["post-35005","post","type-post","status-publish","format-standard","has-post-thumbnail","hentry","category-economia"],"jetpack_publicize_connections":[],"jetpack_featured_media_url":"https:\/\/portalmovil.com.ar\/wp-content\/uploads\/2021\/07\/58ab36f5cab8a_1004x565.jpg","jetpack_sharing_enabled":true,"amp_enabled":true,"_links":{"self":[{"href":"https:\/\/portalmovil.com.ar\/index.php\/wp-json\/wp\/v2\/posts\/35005","targetHints":{"allow":["GET"]}}],"collection":[{"href":"https:\/\/portalmovil.com.ar\/index.php\/wp-json\/wp\/v2\/posts"}],"about":[{"href":"https:\/\/portalmovil.com.ar\/index.php\/wp-json\/wp\/v2\/types\/post"}],"author":[{"embeddable":true,"href":"https:\/\/portalmovil.com.ar\/index.php\/wp-json\/wp\/v2\/users\/2"}],"replies":[{"embeddable":true,"href":"https:\/\/portalmovil.com.ar\/index.php\/wp-json\/wp\/v2\/comments?post=35005"}],"version-history":[{"count":1,"href":"https:\/\/portalmovil.com.ar\/index.php\/wp-json\/wp\/v2\/posts\/35005\/revisions"}],"predecessor-version":[{"id":35007,"href":"https:\/\/portalmovil.com.ar\/index.php\/wp-json\/wp\/v2\/posts\/35005\/revisions\/35007"}],"wp:featuredmedia":[{"embeddable":true,"href":"https:\/\/portalmovil.com.ar\/index.php\/wp-json\/wp\/v2\/media\/35006"}],"wp:attachment":[{"href":"https:\/\/portalmovil.com.ar\/index.php\/wp-json\/wp\/v2\/media?parent=35005"}],"wp:term":[{"taxonomy":"category","embeddable":true,"href":"https:\/\/portalmovil.com.ar\/index.php\/wp-json\/wp\/v2\/categories?post=35005"},{"taxonomy":"post_tag","embeddable":true,"href":"https:\/\/portalmovil.com.ar\/index.php\/wp-json\/wp\/v2\/tags?post=35005"}],"curies":[{"name":"wp","href":"https:\/\/api.w.org\/{rel}","templated":true}]}}