{"id":34984,"date":"2021-07-29T21:10:31","date_gmt":"2021-07-30T00:10:31","guid":{"rendered":"https:\/\/portalmovil.com.ar\/?p=34984"},"modified":"2021-07-29T21:10:34","modified_gmt":"2021-07-30T00:10:34","slug":"la-fundacion-chocobar-representara-al-policia-imputado-por-balear-a-chano","status":"publish","type":"post","link":"https:\/\/portalmovil.com.ar\/index.php\/2021\/07\/29\/la-fundacion-chocobar-representara-al-policia-imputado-por-balear-a-chano\/","title":{"rendered":"La Fundaci\u00f3n Chocobar representar\u00e1 al polic\u00eda imputado por balear a \u00abChano\u00bb"},"content":{"rendered":"\n<p>S\u00e9 lo que est\u00e1s pasando. Te vamos a apoyar para probar que obraste en leg\u00edtima defensa\u00bb, le dijo Chocobar al efectivo Facundo Amendolara.<\/p>\n\n\n\n<p>La\u00a0<strong>Fundaci\u00f3n Chocobar<\/strong>, creada a ra\u00edz de lo que le sucedi\u00f3 al polic\u00eda\u00a0<strong>Luis Chocobar,<\/strong>\u00a0condenado a dos a\u00f1os de prisi\u00f3n en suspenso por haber matado a un delincuente que escapaba tras atacar a pu\u00f1aladas a un turista estadounidense en 2017, en el barrio porte\u00f1o de La Boca, asumi\u00f3 este jueves la defensa particular del efectivo\u00a0<strong>Facundo Amendolara<\/strong>, imputado por balear al m\u00fasico\u00a0<strong>Santiago \u00abChano\u00bb Moreno Charpentier.<\/strong><\/p>\n\n\n\n<p>El abogado Fernando Soto confirm\u00f3 a T\u00e9lam que ambos polic\u00edas mantuvieron una reuni\u00f3n en la que Chocobar le brind\u00f3 su apoyo a Amendolara, de 27 a\u00f1os, quien le dispar\u00f3 al cantante en el abdomen, mientras bland\u00eda un cuchillo en medio de una crisis psiqui\u00e1trica.<\/p>\n\n\n\n<figure class=\"wp-block-image size-large\"><img loading=\"lazy\" decoding=\"async\" width=\"730\" height=\"410\" src=\"https:\/\/portalmovil.com.ar\/wp-content\/uploads\/2021\/07\/luis-chocobar.jpg\" alt=\"\" class=\"wp-image-34985\" srcset=\"https:\/\/portalmovil.com.ar\/wp-content\/uploads\/2021\/07\/luis-chocobar.jpg 730w, https:\/\/portalmovil.com.ar\/wp-content\/uploads\/2021\/07\/luis-chocobar-300x168.jpg 300w\" sizes=\"auto, (max-width: 730px) 100vw, 730px\" \/><\/figure>\n\n\n\n<p><strong>\u00abS\u00e9 lo que est\u00e1s pasando. Te vamos a apoyar para probar que obraste en leg\u00edtima defensa\u00bb,&nbsp;<\/strong>le dijo Chocobar a su camarada, de acuerdo a la reconstrucci\u00f3n del encuentro que hizo el letrado en sus oficinas.<\/p>\n\n\n\n<p>Soto sostuvo que el principal Amendolara el domingo por la noche estaba a cargo de la comisar\u00eda de Exaltaci\u00f3n de la Cruz y decidi\u00f3 concurrir al domicilio de \u00abChano\u00bb para dar apoyo a sus compa\u00f1eros, ante un llamado de la familia.<\/p>\n\n\n\n<p>El abogado lo calific\u00f3 como \u00abmuy responsable\u00bb y dijo que hace seis a\u00f1os que presta servicios en la Polic\u00eda de la Provincia de Buenos Aires, al tiempo que est\u00e1 casado y tiene un beb\u00e9.<\/p>\n\n\n\n<p>Durante la jornada de ayer, el oficial subayudante de la polic\u00eda bonaerense Amendolara fue \u00abimputado de hecho\u00bb por la fiscal\u00eda, que investiga las circunstancias en que \u00abChano\u00bb fue baleado en el abdomen.<\/p>\n\n\n\n<p>Si bien para el fiscal general \u00abla imputaci\u00f3n se efect\u00faa cuando se cometi\u00f3 un delito\u00bb, la causa en la que se investiga el accionar del polic\u00eda al dispararle en el abdomen al exl\u00edder de Tan Bi\u00f3nica<strong>&nbsp;cambi\u00f3 la car\u00e1tula de \u00abatentado y resistencia a la autoridad y lesiones\u00bb a \u00abaveriguaci\u00f3n de il\u00edcito\u00bb.<\/strong><\/p>\n\n\n\n<p>El oficial no fue a\u00fan notificado formalmente del art\u00edculo 60 del C\u00f3digo Procesal Penal (CPP) bonaerense, el cual se\u00f1ala que \u00abse considerar\u00e1 imputado a toda persona que en cualquier acto o procedimiento se lo indique o detenga como autor o part\u00edcipe de la comisi\u00f3n de un delito\u00bb,<strong>&nbsp;aunque s\u00ed fue informado de la realizaci\u00f3n de la pericia a la bala que dispar\u00f3 con su arma reglamentaria.<\/strong><\/p>\n\n\n\n<p>El estudio criminal\u00edstico est\u00e1 previsto para el pr\u00f3ximo martes 3 de agosto y estar\u00e1 a cargo de la Divisi\u00f3n Bal\u00edstica de la Polic\u00eda Federal Argentina (PFA).<\/p>\n\n\n\n<p>Tampoco por el momento, Amendolara fue citado para declarar en la causa, ya que se aguarda avanzar con la pesquisa para ver si se lo convoca a dar su versi\u00f3n del hecho como imputado o no.<\/p>\n\n\n\n<p>La Fundaci\u00f3n Chocobar fue creada por el exoficial de la Polic\u00eda Local de Avellaneda para patrocinar a colegas procesados.<\/p>\n\n\n\n<p>El expolic\u00eda fue condenado el 28 de mayo \u00faltimo&nbsp;<strong>a dos a\u00f1os de prisi\u00f3n en suspenso por haber matado a un delincuente que escapaba tras atacar a pu\u00f1aladas a un turista estadounidense en La Boca<\/strong>, en un fallo en el que los jueces entendieron que hubo un \u00abexceso en el cumplimiento del deber\u00bb.<\/p>\n\n\n\n<p>La decisi\u00f3n fue adoptada por el&nbsp;<strong>Tribunal Oral de Menores<\/strong>&nbsp;(TOM) 2, que tambi\u00e9n dispuso para Chocobar una inhabilitaci\u00f3n especial por cinco a\u00f1os para desempe\u00f1arse en funciones operativas con la utilizaci\u00f3n de armas de fuego.<\/p>\n\n\n\n<p>Los jueces Fernando Pisano, Jorge Apolo y Adolfo Calvete lo consideraron autor del \u00abhomicidio agravado por el uso de arma de fuego cometido en exceso del cumplimiento de un deber\u00bb en perjuicio de Juan Pablo Kukoc (18), con lo que coincidieron con el delito que hab\u00eda solicitado la fiscal del caso, Susana Pernas.<\/p>\n","protected":false},"excerpt":{"rendered":"<p>S\u00e9 lo que est\u00e1s pasando. Te vamos a apoyar para probar que obraste en leg\u00edtima defensa\u00bb, le dijo Chocobar al efectivo Facundo Amendolara.<\/p>\n","protected":false},"author":2,"featured_media":34742,"comment_status":"open","ping_status":"open","sticky":false,"template":"","format":"standard","meta":{"_jetpack_memberships_contains_paid_content":false,"footnotes":"","jetpack_publicize_message":"","jetpack_publicize_feature_enabled":true,"jetpack_social_post_already_shared":true,"jetpack_social_options":{"image_generator_settings":{"template":"highway","default_image_id":0,"font":"","enabled":false},"version":2}},"categories":[3],"tags":[],"class_list":["post-34984","post","type-post","status-publish","format-standard","has-post-thumbnail","hentry","category-sociedad"],"jetpack_publicize_connections":[],"jetpack_featured_media_url":"https:\/\/portalmovil.com.ar\/wp-content\/uploads\/2021\/07\/facundo-nahuel-amendolara.jpg","jetpack_sharing_enabled":true,"amp_enabled":true,"_links":{"self":[{"href":"https:\/\/portalmovil.com.ar\/index.php\/wp-json\/wp\/v2\/posts\/34984","targetHints":{"allow":["GET"]}}],"collection":[{"href":"https:\/\/portalmovil.com.ar\/index.php\/wp-json\/wp\/v2\/posts"}],"about":[{"href":"https:\/\/portalmovil.com.ar\/index.php\/wp-json\/wp\/v2\/types\/post"}],"author":[{"embeddable":true,"href":"https:\/\/portalmovil.com.ar\/index.php\/wp-json\/wp\/v2\/users\/2"}],"replies":[{"embeddable":true,"href":"https:\/\/portalmovil.com.ar\/index.php\/wp-json\/wp\/v2\/comments?post=34984"}],"version-history":[{"count":1,"href":"https:\/\/portalmovil.com.ar\/index.php\/wp-json\/wp\/v2\/posts\/34984\/revisions"}],"predecessor-version":[{"id":34986,"href":"https:\/\/portalmovil.com.ar\/index.php\/wp-json\/wp\/v2\/posts\/34984\/revisions\/34986"}],"wp:featuredmedia":[{"embeddable":true,"href":"https:\/\/portalmovil.com.ar\/index.php\/wp-json\/wp\/v2\/media\/34742"}],"wp:attachment":[{"href":"https:\/\/portalmovil.com.ar\/index.php\/wp-json\/wp\/v2\/media?parent=34984"}],"wp:term":[{"taxonomy":"category","embeddable":true,"href":"https:\/\/portalmovil.com.ar\/index.php\/wp-json\/wp\/v2\/categories?post=34984"},{"taxonomy":"post_tag","embeddable":true,"href":"https:\/\/portalmovil.com.ar\/index.php\/wp-json\/wp\/v2\/tags?post=34984"}],"curies":[{"name":"wp","href":"https:\/\/api.w.org\/{rel}","templated":true}]}}