{"id":34949,"date":"2021-07-29T13:42:58","date_gmt":"2021-07-29T16:42:58","guid":{"rendered":"https:\/\/portalmovil.com.ar\/?p=34949"},"modified":"2021-07-29T13:43:01","modified_gmt":"2021-07-29T16:43:01","slug":"saenz-pena-y-quitilipi-entre-las-localidades-mas-frias-de-la-provincia","status":"publish","type":"post","link":"https:\/\/portalmovil.com.ar\/index.php\/2021\/07\/29\/saenz-pena-y-quitilipi-entre-las-localidades-mas-frias-de-la-provincia\/","title":{"rendered":"Sa\u00e9nz Pe\u00f1a y Quitilipi entre las localidades m\u00e1s fr\u00edas de la provincia"},"content":{"rendered":"\n<p>Este jueves se vivi\u00f3 otra jornada de temperaturas bajo cero en varias jurisdicciones provinciales, haciendo \u201cpico\u201d en este descenso de las localidades de Presidencia Roque S\u00e1enz Pe\u00f1a, donde el clima baj\u00f3 hasta \u20137.4, y Quitilipi, donde la m\u00ednima estuvo en \u20137.2.<\/p>\n\n\n\n<p>Los datos, brindados por el Centro de Documentaci\u00f3n e Informaci\u00f3n del Chaco que dependen del Ministerio de Producci\u00f3n, Industria y Empleo, se\u00f1alan tambi\u00e9n que el fr\u00edo se vivi\u00f3 bajo cero en la zona de El Impenetrable, donde la temperatura m\u00ednima fue de \u20136.8, a su vez, en Campo Largo fue de \u20136.2 y en Machagai se vivieron \u20136.1, entre las varias ciudades que tuvieron sus term\u00f3metros en negativo.<\/p>\n\n\n\n<p>El registro del descenso de temperatura tambi\u00e9n es reflejado por el Servicio Meteorol\u00f3gico Nacional, donde se ubica a Chaco en nivel \u201cvioleta\u201d por bajas temperaturas hasta el d\u00eda viernes inclusive, lo que significa la aparici\u00f3n de fen\u00f3menos \u201cque pueden presentar inconvenientes en el normal desenvolvimiento de la vida social\u201d.<\/p>\n\n\n\n<p>En la ciudad de Resistencia el clima se ir\u00eda incrementando para los pr\u00f3ximos d\u00edas. En principio, este jueves por la tarde la temperatura m\u00e1xima podr\u00eda alcanzar los 16\u00b0 y descender hasta 4\u00b0 para la noche, mientras que para el viernes la m\u00e1xima ya ser\u00eda de 18\u00b0 y la m\u00ednima de 3\u00b0, el s\u00e1bado el aumento seguir\u00eda y la m\u00e1xima alcanzar\u00eda los 20\u00b0 con cielo parcialmente nublado.<\/p>\n\n\n\n<p>En contexto de las bajas temperaturas, el Ministerio de Desarrollo Social de la provincia mantiene habilitada la l\u00ednea gratuita 0800-888-6472 para informar sobre personas en situaci\u00f3n de calle. Adem\u00e1s, recientemente se agreg\u00f3 un parador nocturno para alojamiento y servicios integrales en Av. 25 de Mayo 835 de Resistencia, mientras en simult\u00e1neo siguen trabajado las intervenciones de los diferentes programas sociales.<\/p>\n","protected":false},"excerpt":{"rendered":"<p>Este jueves se vivi\u00f3 otra jornada de temperaturas bajo cero en varias jurisdicciones provinciales, haciendo \u201cpico\u201d en este descenso de las localidades de Presidencia Roque S\u00e1enz Pe\u00f1a, donde el clima baj\u00f3 hasta \u20137.4, y Quitilipi, donde la m\u00ednima estuvo en \u20137.2. Los datos, brindados por el Centro de Documentaci\u00f3n e Informaci\u00f3n del Chaco que dependen &hellip;<\/p>\n","protected":false},"author":2,"featured_media":34950,"comment_status":"open","ping_status":"open","sticky":false,"template":"","format":"standard","meta":{"_jetpack_memberships_contains_paid_content":false,"footnotes":"","jetpack_publicize_message":"","jetpack_publicize_feature_enabled":true,"jetpack_social_post_already_shared":true,"jetpack_social_options":{"image_generator_settings":{"template":"highway","default_image_id":0,"font":"","enabled":false},"version":2}},"categories":[5,42],"tags":[],"class_list":["post-34949","post","type-post","status-publish","format-standard","has-post-thumbnail","hentry","category-chaco","category-interior"],"jetpack_publicize_connections":[],"jetpack_featured_media_url":"https:\/\/portalmovil.com.ar\/wp-content\/uploads\/2021\/07\/FB_IMG_1627576764378.jpg","jetpack_sharing_enabled":true,"amp_enabled":true,"_links":{"self":[{"href":"https:\/\/portalmovil.com.ar\/index.php\/wp-json\/wp\/v2\/posts\/34949","targetHints":{"allow":["GET"]}}],"collection":[{"href":"https:\/\/portalmovil.com.ar\/index.php\/wp-json\/wp\/v2\/posts"}],"about":[{"href":"https:\/\/portalmovil.com.ar\/index.php\/wp-json\/wp\/v2\/types\/post"}],"author":[{"embeddable":true,"href":"https:\/\/portalmovil.com.ar\/index.php\/wp-json\/wp\/v2\/users\/2"}],"replies":[{"embeddable":true,"href":"https:\/\/portalmovil.com.ar\/index.php\/wp-json\/wp\/v2\/comments?post=34949"}],"version-history":[{"count":1,"href":"https:\/\/portalmovil.com.ar\/index.php\/wp-json\/wp\/v2\/posts\/34949\/revisions"}],"predecessor-version":[{"id":34951,"href":"https:\/\/portalmovil.com.ar\/index.php\/wp-json\/wp\/v2\/posts\/34949\/revisions\/34951"}],"wp:featuredmedia":[{"embeddable":true,"href":"https:\/\/portalmovil.com.ar\/index.php\/wp-json\/wp\/v2\/media\/34950"}],"wp:attachment":[{"href":"https:\/\/portalmovil.com.ar\/index.php\/wp-json\/wp\/v2\/media?parent=34949"}],"wp:term":[{"taxonomy":"category","embeddable":true,"href":"https:\/\/portalmovil.com.ar\/index.php\/wp-json\/wp\/v2\/categories?post=34949"},{"taxonomy":"post_tag","embeddable":true,"href":"https:\/\/portalmovil.com.ar\/index.php\/wp-json\/wp\/v2\/tags?post=34949"}],"curies":[{"name":"wp","href":"https:\/\/api.w.org\/{rel}","templated":true}]}}