{"id":34771,"date":"2021-07-28T08:59:27","date_gmt":"2021-07-28T11:59:27","guid":{"rendered":"https:\/\/portalmovil.com.ar\/?p=34771"},"modified":"2021-07-28T08:59:30","modified_gmt":"2021-07-28T11:59:30","slug":"un-auto-de-alta-gama-robado-en-cordoba-fue-encontrado-en-resistencia","status":"publish","type":"post","link":"https:\/\/portalmovil.com.ar\/index.php\/2021\/07\/28\/un-auto-de-alta-gama-robado-en-cordoba-fue-encontrado-en-resistencia\/","title":{"rendered":"Un auto de alta gama robado en C\u00f3rdoba fue encontrado en Resistencia"},"content":{"rendered":"\n<p>El procedimiento ocurri\u00f3 anoche. El veh\u00edculo contaba con pedido de secuestro por Robo desde la provincia de C\u00f3rdoba.<\/p>\n\n\n\n<p>Anoche, un joven termino tras las rejas por circular en un veh\u00edculo que presentaba pedido de secuestro desde la Provincia de C\u00f3rdoba. Adem\u00e1s ten\u00eda la chapa patente ap\u00f3crifa.&nbsp;<\/p>\n\n\n\n<p>Una investigaci\u00f3n que inici\u00f3 hace meses y aun continua, permiti\u00f3 a los efectivos de la Divisi\u00f3n Sustracci\u00f3n Automotores incautar un autom\u00f3vil Honda, color blanco.<\/p>\n\n\n\n<p>Es as\u00ed que, el personal policial ten\u00eda conocimiento que en la ciudad estar\u00edan circulando veh\u00edculos de alta gama de dudosa procedencia, llevaron a cabo un operativo control en avenida 9 de Julio al 2300 aproximadamente.<\/p>\n\n\n\n<p>All\u00ed, demoraron el paso del veh\u00edculo, el cual se encontraba guiado por un joven de 26 a\u00f1os, a quien se interiorizo del motivo del accionar policial, accediendo a la inspecci\u00f3n del auto.<\/p>\n\n\n\n<p>Seguido a esto, los agentes al realizar la verificaci\u00f3n constataron que la chapa patente ser\u00eda ap\u00f3crifa, luego al consultar a la Direcci\u00f3n Nacional del Registro Propiedad del Automotor, determinaron que el mismo presenta pedido de secuestro en la causa \u201cSupuesto Robo del Automotor\u201d a solicitud de la Unidad Judicial N\u00ba19, de la provincia de C\u00f3rdoba.<\/p>\n\n\n\n<p>Consultado con Fiscal en Turno, dispuso secuestro de rodado y aprehensi\u00f3n del ocupante en la causa \u201cSupuesto Encubrimiento Robo Automotor\u201d.<\/p>\n","protected":false},"excerpt":{"rendered":"<p>El procedimiento ocurri\u00f3 anoche. El veh\u00edculo contaba con pedido de secuestro por Robo desde la provincia de C\u00f3rdoba. Anoche, un joven termino tras las rejas por circular en un veh\u00edculo que presentaba pedido de secuestro desde la Provincia de C\u00f3rdoba. Adem\u00e1s ten\u00eda la chapa patente ap\u00f3crifa.&nbsp; Una investigaci\u00f3n que inici\u00f3 hace meses y aun continua, &hellip;<\/p>\n","protected":false},"author":2,"featured_media":34772,"comment_status":"open","ping_status":"open","sticky":false,"template":"","format":"standard","meta":{"_jetpack_memberships_contains_paid_content":false,"footnotes":"","jetpack_publicize_message":"","jetpack_publicize_feature_enabled":true,"jetpack_social_post_already_shared":true,"jetpack_social_options":{"image_generator_settings":{"template":"highway","default_image_id":0,"font":"","enabled":false},"version":2}},"categories":[8,37],"tags":[],"class_list":["post-34771","post","type-post","status-publish","format-standard","has-post-thumbnail","hentry","category-policiales","category-resistencia"],"jetpack_publicize_connections":[],"jetpack_featured_media_url":"https:\/\/portalmovil.com.ar\/wp-content\/uploads\/2021\/07\/4f9d36a1d5ce59c9a243a982d9da2828630bdaf6-1.jpg","jetpack_sharing_enabled":true,"amp_enabled":true,"_links":{"self":[{"href":"https:\/\/portalmovil.com.ar\/index.php\/wp-json\/wp\/v2\/posts\/34771","targetHints":{"allow":["GET"]}}],"collection":[{"href":"https:\/\/portalmovil.com.ar\/index.php\/wp-json\/wp\/v2\/posts"}],"about":[{"href":"https:\/\/portalmovil.com.ar\/index.php\/wp-json\/wp\/v2\/types\/post"}],"author":[{"embeddable":true,"href":"https:\/\/portalmovil.com.ar\/index.php\/wp-json\/wp\/v2\/users\/2"}],"replies":[{"embeddable":true,"href":"https:\/\/portalmovil.com.ar\/index.php\/wp-json\/wp\/v2\/comments?post=34771"}],"version-history":[{"count":1,"href":"https:\/\/portalmovil.com.ar\/index.php\/wp-json\/wp\/v2\/posts\/34771\/revisions"}],"predecessor-version":[{"id":34773,"href":"https:\/\/portalmovil.com.ar\/index.php\/wp-json\/wp\/v2\/posts\/34771\/revisions\/34773"}],"wp:featuredmedia":[{"embeddable":true,"href":"https:\/\/portalmovil.com.ar\/index.php\/wp-json\/wp\/v2\/media\/34772"}],"wp:attachment":[{"href":"https:\/\/portalmovil.com.ar\/index.php\/wp-json\/wp\/v2\/media?parent=34771"}],"wp:term":[{"taxonomy":"category","embeddable":true,"href":"https:\/\/portalmovil.com.ar\/index.php\/wp-json\/wp\/v2\/categories?post=34771"},{"taxonomy":"post_tag","embeddable":true,"href":"https:\/\/portalmovil.com.ar\/index.php\/wp-json\/wp\/v2\/tags?post=34771"}],"curies":[{"name":"wp","href":"https:\/\/api.w.org\/{rel}","templated":true}]}}