{"id":34740,"date":"2021-07-27T21:53:05","date_gmt":"2021-07-28T00:53:05","guid":{"rendered":"https:\/\/portalmovil.com.ar\/?p=34740"},"modified":"2021-07-27T21:53:07","modified_gmt":"2021-07-28T00:53:07","slug":"quien-es-el-policia-que-le-disparo-a-chano-charpentier","status":"publish","type":"post","link":"https:\/\/portalmovil.com.ar\/index.php\/2021\/07\/27\/quien-es-el-policia-que-le-disparo-a-chano-charpentier\/","title":{"rendered":"Qui\u00e9n es el polic\u00eda que le dispar\u00f3 a Chano Charpentier"},"content":{"rendered":"\n<p>El oficial de 27 a\u00f1os es hijo de otro polic\u00eda. Egresado en 2015, se enfrent\u00f3 al cantante, quien habr\u00eda intentado lastimarlo con un cuchillo.<\/p>\n\n\n\n<p>Santiago\u00a0\u00abChano\u00bb Charpentier fue internado este lunes luego de haber recibido un balazo en la zona abdominal\u00a0por parte de un polic\u00eda. El m\u00fasico se encuentra \u201ccl\u00ednicamente estable\u201d, pero \u201cintubado y ventilado mec\u00e1nicamente\u201d, tras una cirug\u00eda de emergencia en la que le extirparon el bazo, el ri\u00f1\u00f3n izquierdo y parte del p\u00e1ncreas.<\/p>\n\n\n\n<p>Tras la internaci\u00f3n del ex Tan Bi\u00f3nica, trascendi\u00f3 la identidad del polic\u00eda que le dispar\u00f3 al m\u00fasico que, habr\u00eda intentado atacar al efectivo abalanz\u00e1ndose contra \u00e9l con un cuchillo.<\/p>\n\n\n\n<p>El hecho ocurri\u00f3 ayer, cuando la madre de Charpentier hab\u00eda ido a asistir a su hijo, que se encontraba en una crisis nerviosa en su domicilio de Exaltaci\u00f3n de la Cruz, en el barrio privado Parque La Verdad.<\/p>\n\n\n\n<p>Debido a que el m\u00fasico estaba en un estado de desequilibrio, su familia llam\u00f3 a una ambulancia para que fuera internado, pero Chano, de 39 a\u00f1os,<strong>&nbsp;se neg\u00f3 a ser trasladado y comenz\u00f3 a portarse de manera agresiva.<\/strong>&nbsp;Cuando los agentes llegaron a la residencia, Chano se encontraba en el patio trasero, con \u201cun cuchillo largo y aserrado\u201d.<\/p>\n\n\n\n<figure class=\"wp-block-image size-large\"><img loading=\"lazy\" decoding=\"async\" width=\"730\" height=\"410\" src=\"https:\/\/portalmovil.com.ar\/wp-content\/uploads\/2021\/07\/chano.jpg\" alt=\"\" class=\"wp-image-34741\" srcset=\"https:\/\/portalmovil.com.ar\/wp-content\/uploads\/2021\/07\/chano.jpg 730w, https:\/\/portalmovil.com.ar\/wp-content\/uploads\/2021\/07\/chano-300x168.jpg 300w\" sizes=\"auto, (max-width: 730px) 100vw, 730px\" \/><\/figure>\n\n\n\n<p>No obstante, seg\u00fan la versi\u00f3n de los oficiales, el cantante se abalanz\u00f3 contra el efectivo Facundo Nahuel Amendolara, de 27 a\u00f1os, egresado en 2015 e hijo de un polic\u00eda, con<strong>\u00a0\u00abun cuchillo largo y aserrado\u00bb<\/strong>\u00a0que luego descart\u00f3 al costado del patio delantero de su casa.<\/p>\n\n\n\n<p>El hecho ocurri\u00f3 ayer, cuando la madre de Charpentier hab\u00eda ido a asistir a su hijo, que se encontraba en una crisis nerviosa en su domicilio de Exaltaci\u00f3n de la Cruz, en el barrio privado Parque La Verdad.<\/p>\n\n\n\n<p>Debido a que el m\u00fasico estaba en un estado de desequilibrio, su familia llam\u00f3 a una ambulancia para que fuera internado, pero Chano, de 39 a\u00f1os,<strong>&nbsp;se neg\u00f3 a ser trasladado y comenz\u00f3 a portarse de manera agresiva.<\/strong>&nbsp;Cuando los agentes llegaron a la residencia, Chano se encontraba en el patio trasero, con \u201cun cuchillo largo y aserrado\u201d.<\/p>\n\n\n\n<p>No obstante, seg\u00fan la versi\u00f3n de los oficiales, el cantante se abalanz\u00f3 contra el efectivo Facundo Nahuel Amendolara, de 27 a\u00f1os, egresado en 2015 e hijo de un polic\u00eda, con<strong>&nbsp;\u00abun cuchillo largo y aserrado\u00bb<\/strong>&nbsp;que luego descart\u00f3 al costado del patio delantero de su casa.<\/p>\n\n\n\n<p><\/p>\n","protected":false},"excerpt":{"rendered":"<p>El oficial de 27 a\u00f1os es hijo de otro polic\u00eda. Egresado en 2015, se enfrent\u00f3 al cantante, quien habr\u00eda intentado lastimarlo con un cuchillo.<\/p>\n","protected":false},"author":2,"featured_media":34742,"comment_status":"open","ping_status":"open","sticky":false,"template":"","format":"standard","meta":{"_jetpack_memberships_contains_paid_content":false,"footnotes":"","jetpack_publicize_message":"","jetpack_publicize_feature_enabled":true,"jetpack_social_post_already_shared":true,"jetpack_social_options":{"image_generator_settings":{"template":"highway","default_image_id":0,"font":"","enabled":false},"version":2}},"categories":[3],"tags":[],"class_list":["post-34740","post","type-post","status-publish","format-standard","has-post-thumbnail","hentry","category-sociedad"],"jetpack_publicize_connections":[],"jetpack_featured_media_url":"https:\/\/portalmovil.com.ar\/wp-content\/uploads\/2021\/07\/facundo-nahuel-amendolara.jpg","jetpack_sharing_enabled":true,"amp_enabled":true,"_links":{"self":[{"href":"https:\/\/portalmovil.com.ar\/index.php\/wp-json\/wp\/v2\/posts\/34740","targetHints":{"allow":["GET"]}}],"collection":[{"href":"https:\/\/portalmovil.com.ar\/index.php\/wp-json\/wp\/v2\/posts"}],"about":[{"href":"https:\/\/portalmovil.com.ar\/index.php\/wp-json\/wp\/v2\/types\/post"}],"author":[{"embeddable":true,"href":"https:\/\/portalmovil.com.ar\/index.php\/wp-json\/wp\/v2\/users\/2"}],"replies":[{"embeddable":true,"href":"https:\/\/portalmovil.com.ar\/index.php\/wp-json\/wp\/v2\/comments?post=34740"}],"version-history":[{"count":1,"href":"https:\/\/portalmovil.com.ar\/index.php\/wp-json\/wp\/v2\/posts\/34740\/revisions"}],"predecessor-version":[{"id":34743,"href":"https:\/\/portalmovil.com.ar\/index.php\/wp-json\/wp\/v2\/posts\/34740\/revisions\/34743"}],"wp:featuredmedia":[{"embeddable":true,"href":"https:\/\/portalmovil.com.ar\/index.php\/wp-json\/wp\/v2\/media\/34742"}],"wp:attachment":[{"href":"https:\/\/portalmovil.com.ar\/index.php\/wp-json\/wp\/v2\/media?parent=34740"}],"wp:term":[{"taxonomy":"category","embeddable":true,"href":"https:\/\/portalmovil.com.ar\/index.php\/wp-json\/wp\/v2\/categories?post=34740"},{"taxonomy":"post_tag","embeddable":true,"href":"https:\/\/portalmovil.com.ar\/index.php\/wp-json\/wp\/v2\/tags?post=34740"}],"curies":[{"name":"wp","href":"https:\/\/api.w.org\/{rel}","templated":true}]}}