{"id":34716,"date":"2021-07-27T16:51:24","date_gmt":"2021-07-27T19:51:24","guid":{"rendered":"https:\/\/portalmovil.com.ar\/?p=34716"},"modified":"2021-07-27T16:53:01","modified_gmt":"2021-07-27T19:53:01","slug":"jimena-baron-me-creo-mil-fisicamente-pero-estoy-toda-rota","status":"publish","type":"post","link":"https:\/\/portalmovil.com.ar\/index.php\/2021\/07\/27\/jimena-baron-me-creo-mil-fisicamente-pero-estoy-toda-rota\/","title":{"rendered":"Jimena Bar\u00f3n: \u00abMe creo mil f\u00edsicamente, pero estoy toda rota\u00bb"},"content":{"rendered":"\n<p>La cantante se sincer\u00f3 sobre su \u00abfalsa autoestima alta\u00bb y reflexion\u00f3 sobre el rol que ocupa la terapia en su proceso de cambio.<\/p>\n\n\n\n<p>Jimena Bar\u00f3n supo reinventarse luego de su traum\u00e1tica separaci\u00f3n de Daniel Osvaldo. De nuevo instalada en la Argentina, la actriz comenz\u00f3 a trabajar y luego lanz\u00f3 su carrera como solista. Junto con ello, comenz\u00f3 una transformaci\u00f3n f\u00edsica que la llev\u00f3 a postear las fotos m\u00e1s sexies en Instagram. Pero por dentro, seg\u00fan cont\u00f3, inici\u00f3 otro camino.<\/p>\n\n\n\n<p>Con una alta exposici\u00f3n por su participaci\u00f3n en ShowMatch, Jimena aprovecha para sincerarse con sus fans. Y esta vez, asegur\u00f3 que detr\u00e1s de su \u00aborgullo\u00bb por su cuerpo s\u00faper trabajado, se esconde una \u00abfalsa autoestima alta\u00bb. Ante la consulta de un seguidor, ella contest\u00f3: \u201cCon terapia entiendo que tengo una falsa autoestima alta. Me creo mil f\u00edsicamente, claro est\u00e1, pero como persona, cuando me relaciono tengo mucho quilombo de cosas del pasado que me hacen insegura. Toda rota estoy, por eso me es m\u00e1s f\u00e1cil lo superficial. Lo estoy laburando\u201d.<\/p>\n\n\n\n<p>Adem\u00e1s, cont\u00f3 que hace terapia desde la adolescencia. \u201c\u00a1Voy desde que tengo 13 a\u00f1os! (Con interrupciones). Tuve una infancia y adolescencia muy complicadas. S\u00e9 que me conocen un poco, pero no conocen toda mi vida tambi\u00e9n. La terapia me salva tambi\u00e9n\u201d, coment\u00f3.<\/p>\n\n\n\n<p>Por \u00faltimo, habl\u00f3 de ella en tercera persona. \u201c(A Jimena) yo la quiero un mont\u00f3n, tiene un car\u00e1cter de mierda y como una especie de caparaz\u00f3n pues nada le ha sido f\u00e1cil, pero est\u00e1 haciendo todo lo posible para cambiar muchas cosas. Es una chanta igual, adentro de la cobra hay dulce de leche. No digan nada\u201d.<\/p>\n\n\n\n<p><img loading=\"lazy\" decoding=\"async\" width=\"150\" height=\"267\" class=\"wp-image-34717\" style=\"width: 150px;\" src=\"https:\/\/portalmovil.com.ar\/wp-content\/uploads\/2021\/07\/baron-jimenajpg.jpg\" alt=\"\" srcset=\"https:\/\/portalmovil.com.ar\/wp-content\/uploads\/2021\/07\/baron-jimenajpg.jpg 258w, https:\/\/portalmovil.com.ar\/wp-content\/uploads\/2021\/07\/baron-jimenajpg-168x300.jpg 168w\" sizes=\"auto, (max-width: 150px) 100vw, 150px\" \/><\/p>\n","protected":false},"excerpt":{"rendered":"<p>La cantante se sincer\u00f3 sobre su \u00abfalsa autoestima alta\u00bb y reflexion\u00f3 sobre el rol que ocupa la terapia en su proceso de cambio. Jimena Bar\u00f3n supo reinventarse luego de su traum\u00e1tica separaci\u00f3n de Daniel Osvaldo. De nuevo instalada en la Argentina, la actriz comenz\u00f3 a trabajar y luego lanz\u00f3 su carrera como solista. Junto con &hellip;<\/p>\n","protected":false},"author":2,"featured_media":34719,"comment_status":"open","ping_status":"open","sticky":false,"template":"","format":"standard","meta":{"_jetpack_memberships_contains_paid_content":false,"footnotes":"","jetpack_publicize_message":"","jetpack_publicize_feature_enabled":true,"jetpack_social_post_already_shared":true,"jetpack_social_options":{"image_generator_settings":{"template":"highway","default_image_id":0,"font":"","enabled":false},"version":2}},"categories":[158,3],"tags":[],"class_list":["post-34716","post","type-post","status-publish","format-standard","has-post-thumbnail","hentry","category-espectaculos","category-sociedad"],"jetpack_publicize_connections":[],"jetpack_featured_media_url":"https:\/\/portalmovil.com.ar\/wp-content\/uploads\/2021\/07\/baron-8png.jpeg.jpg","jetpack_sharing_enabled":true,"amp_enabled":true,"_links":{"self":[{"href":"https:\/\/portalmovil.com.ar\/index.php\/wp-json\/wp\/v2\/posts\/34716","targetHints":{"allow":["GET"]}}],"collection":[{"href":"https:\/\/portalmovil.com.ar\/index.php\/wp-json\/wp\/v2\/posts"}],"about":[{"href":"https:\/\/portalmovil.com.ar\/index.php\/wp-json\/wp\/v2\/types\/post"}],"author":[{"embeddable":true,"href":"https:\/\/portalmovil.com.ar\/index.php\/wp-json\/wp\/v2\/users\/2"}],"replies":[{"embeddable":true,"href":"https:\/\/portalmovil.com.ar\/index.php\/wp-json\/wp\/v2\/comments?post=34716"}],"version-history":[{"count":2,"href":"https:\/\/portalmovil.com.ar\/index.php\/wp-json\/wp\/v2\/posts\/34716\/revisions"}],"predecessor-version":[{"id":34720,"href":"https:\/\/portalmovil.com.ar\/index.php\/wp-json\/wp\/v2\/posts\/34716\/revisions\/34720"}],"wp:featuredmedia":[{"embeddable":true,"href":"https:\/\/portalmovil.com.ar\/index.php\/wp-json\/wp\/v2\/media\/34719"}],"wp:attachment":[{"href":"https:\/\/portalmovil.com.ar\/index.php\/wp-json\/wp\/v2\/media?parent=34716"}],"wp:term":[{"taxonomy":"category","embeddable":true,"href":"https:\/\/portalmovil.com.ar\/index.php\/wp-json\/wp\/v2\/categories?post=34716"},{"taxonomy":"post_tag","embeddable":true,"href":"https:\/\/portalmovil.com.ar\/index.php\/wp-json\/wp\/v2\/tags?post=34716"}],"curies":[{"name":"wp","href":"https:\/\/api.w.org\/{rel}","templated":true}]}}