{"id":34656,"date":"2021-07-27T09:33:52","date_gmt":"2021-07-27T12:33:52","guid":{"rendered":"https:\/\/portalmovil.com.ar\/?p=34656"},"modified":"2021-07-27T09:33:54","modified_gmt":"2021-07-27T12:33:54","slug":"rige-alerta-violeta-por-bajas-temperaturas-la-minima-podria-alcanzar-los-6-c","status":"publish","type":"post","link":"https:\/\/portalmovil.com.ar\/index.php\/2021\/07\/27\/rige-alerta-violeta-por-bajas-temperaturas-la-minima-podria-alcanzar-los-6-c\/","title":{"rendered":"Rige alerta \u00abvioleta\u00bb por bajas temperaturas: la m\u00ednima podr\u00eda alcanzar los -6 \u00b0C"},"content":{"rendered":"\n<p>Este martes desde las 6,&nbsp;<strong>el Servicio Meteorol\u00f3gico Nacional emiti\u00f3 un alerta violeta por bajas temperaturas que rige para los departamentos Bermejo, General Donovan, Libertad, Primero de Mayo y San Fernando.<\/strong><\/p>\n\n\n\n<p>Dicha advertencia indica que&nbsp;<strong>el \u00e1rea ser\u00e1 afectada por bajas temperaturas, por debajo de valores normales, al menos hasta la ma\u00f1ana del jueves 29.&nbsp;<\/strong><\/p>\n\n\n\n<p><strong>Se espera que las temperaturas m\u00ednimas est\u00e9n entre -6 \u00b0C y 6 \u00b0C, mientras que las temperaturas m\u00e1ximas oscilar\u00e1n entre 10 \u00b0C y 17 \u00b0C.<\/strong><\/p>\n","protected":false},"excerpt":{"rendered":"<p>Este martes desde las 6,&nbsp;el Servicio Meteorol\u00f3gico Nacional emiti\u00f3 un alerta violeta por bajas temperaturas que rige para los departamentos Bermejo, General Donovan, Libertad, Primero de Mayo y San Fernando. Dicha advertencia indica que&nbsp;el \u00e1rea ser\u00e1 afectada por bajas temperaturas, por debajo de valores normales, al menos hasta la ma\u00f1ana del jueves 29.&nbsp; Se espera &hellip;<\/p>\n","protected":false},"author":2,"featured_media":34659,"comment_status":"open","ping_status":"open","sticky":false,"template":"","format":"standard","meta":{"_jetpack_memberships_contains_paid_content":false,"footnotes":"","jetpack_publicize_message":"","jetpack_publicize_feature_enabled":true,"jetpack_social_post_already_shared":true,"jetpack_social_options":{"image_generator_settings":{"template":"highway","default_image_id":0,"font":"","enabled":false},"version":2}},"categories":[28,5],"tags":[],"class_list":["post-34656","post","type-post","status-publish","format-standard","has-post-thumbnail","hentry","category-actualidad","category-chaco"],"jetpack_publicize_connections":[],"jetpack_featured_media_url":"https:\/\/portalmovil.com.ar\/wp-content\/uploads\/2021\/07\/59b5715fdf9f9.jpeg","jetpack_sharing_enabled":true,"amp_enabled":true,"_links":{"self":[{"href":"https:\/\/portalmovil.com.ar\/index.php\/wp-json\/wp\/v2\/posts\/34656","targetHints":{"allow":["GET"]}}],"collection":[{"href":"https:\/\/portalmovil.com.ar\/index.php\/wp-json\/wp\/v2\/posts"}],"about":[{"href":"https:\/\/portalmovil.com.ar\/index.php\/wp-json\/wp\/v2\/types\/post"}],"author":[{"embeddable":true,"href":"https:\/\/portalmovil.com.ar\/index.php\/wp-json\/wp\/v2\/users\/2"}],"replies":[{"embeddable":true,"href":"https:\/\/portalmovil.com.ar\/index.php\/wp-json\/wp\/v2\/comments?post=34656"}],"version-history":[{"count":2,"href":"https:\/\/portalmovil.com.ar\/index.php\/wp-json\/wp\/v2\/posts\/34656\/revisions"}],"predecessor-version":[{"id":34661,"href":"https:\/\/portalmovil.com.ar\/index.php\/wp-json\/wp\/v2\/posts\/34656\/revisions\/34661"}],"wp:featuredmedia":[{"embeddable":true,"href":"https:\/\/portalmovil.com.ar\/index.php\/wp-json\/wp\/v2\/media\/34659"}],"wp:attachment":[{"href":"https:\/\/portalmovil.com.ar\/index.php\/wp-json\/wp\/v2\/media?parent=34656"}],"wp:term":[{"taxonomy":"category","embeddable":true,"href":"https:\/\/portalmovil.com.ar\/index.php\/wp-json\/wp\/v2\/categories?post=34656"},{"taxonomy":"post_tag","embeddable":true,"href":"https:\/\/portalmovil.com.ar\/index.php\/wp-json\/wp\/v2\/tags?post=34656"}],"curies":[{"name":"wp","href":"https:\/\/api.w.org\/{rel}","templated":true}]}}